{"id":3152,"date":"2021-12-07T10:20:21","date_gmt":"2021-12-07T09:20:21","guid":{"rendered":"https:\/\/www.anthill.com.pl\/?p=3152"},"modified":"2021-12-08T13:35:00","modified_gmt":"2021-12-08T12:35:00","slug":"tydzien-z-blogoslawionym-100-rocznica-swiecen-kaplanskich-bl-wladyslawa-gorala","status":"publish","type":"post","link":"https:\/\/www.anthill.com.pl\/?p=3152","title":{"rendered":"Tydzie\u0144 z B\u0142ogos\u0142awionym 100 rocznica \u015bwi\u0119ce\u0144"},"content":{"rendered":"<h3>7-12 grudnia 2021 zapraszamy do udzia\u0142u w wydarzeniach &#8220;Tygodnia z B\u0142ogos\u0142awionym&#8221;, kt\u00f3ry dzi\u0119ki wsp\u00f3\u0142pracy wielu os\u00f3b oraz instytucji, przygotowali\u015bmy dla uczczenia 100 rocznicy \u015bwi\u0119ce\u0144 kap\u0142a\u0144skich biskupa Gorala.<\/h3>\n<p>Nasze stowarzyszenie jest partnerem wydarzenia, a wystawa &#8220;Teraz przyszed\u0142 czas&#8230; B\u0142ogos\u0142awiony Biskup W\u0142adys\u0142aw Goral cichy m\u0119czennik Ko\u015bcio\u0142a i Ojczyzny&#8221; b\u0119dzie jednym z punkt\u00f3w programu.<\/p>\n<div class=\"\" data-block=\"true\" data-editor=\"8q02j\" data-offset-key=\"34csh-0-0\">\n<div data-offset-key=\"34csh-0-0\"><img loading=\"lazy\" decoding=\"async\" class=\"alignnone wp-image-3156\" src=\"https:\/\/www.anthill.com.pl\/wp-content\/uploads\/2021\/12\/Tydzien-z-blogoslawionym-212x300.png\" alt=\"\" width=\"511\" height=\"723\" srcset=\"https:\/\/www.anthill.com.pl\/wp-content\/uploads\/2021\/12\/Tydzien-z-blogoslawionym-212x300.png 212w, https:\/\/www.anthill.com.pl\/wp-content\/uploads\/2021\/12\/Tydzien-z-blogoslawionym-283x400.png 283w, https:\/\/www.anthill.com.pl\/wp-content\/uploads\/2021\/12\/Tydzien-z-blogoslawionym-768x1085.png 768w, https:\/\/www.anthill.com.pl\/wp-content\/uploads\/2021\/12\/Tydzien-z-blogoslawionym-1087x1536.png 1087w, https:\/\/www.anthill.com.pl\/wp-content\/uploads\/2021\/12\/Tydzien-z-blogoslawionym-1449x2048.png 1449w, https:\/\/www.anthill.com.pl\/wp-content\/uploads\/2021\/12\/Tydzien-z-blogoslawionym.png 1132w\" sizes=\"auto, (max-width: 511px) 100vw, 511px\" \/><img loading=\"lazy\" decoding=\"async\" class=\"alignnone wp-image-3153\" src=\"https:\/\/www.anthill.com.pl\/wp-content\/uploads\/2021\/12\/Koncert-212x300.png\" alt=\"\" width=\"510\" height=\"721\" srcset=\"https:\/\/www.anthill.com.pl\/wp-content\/uploads\/2021\/12\/Koncert-212x300.png 212w, https:\/\/www.anthill.com.pl\/wp-content\/uploads\/2021\/12\/Koncert-283x400.png 283w, https:\/\/www.anthill.com.pl\/wp-content\/uploads\/2021\/12\/Koncert-768x1086.png 768w, https:\/\/www.anthill.com.pl\/wp-content\/uploads\/2021\/12\/Koncert-1086x1536.png 1086w, https:\/\/www.anthill.com.pl\/wp-content\/uploads\/2021\/12\/Koncert-1448x2048.png 1448w, https:\/\/www.anthill.com.pl\/wp-content\/uploads\/2021\/12\/Koncert.png 1131w\" sizes=\"auto, (max-width: 510px) 100vw, 510px\" \/> <img loading=\"lazy\" decoding=\"async\" class=\"alignnone wp-image-3154\" src=\"https:\/\/www.anthill.com.pl\/wp-content\/uploads\/2021\/12\/Sympozjum-212x300.png\" alt=\"\" width=\"512\" height=\"724\" srcset=\"https:\/\/www.anthill.com.pl\/wp-content\/uploads\/2021\/12\/Sympozjum-212x300.png 212w, https:\/\/www.anthill.com.pl\/wp-content\/uploads\/2021\/12\/Sympozjum-283x400.png 283w, https:\/\/www.anthill.com.pl\/wp-content\/uploads\/2021\/12\/Sympozjum-768x1085.png 768w, https:\/\/www.anthill.com.pl\/wp-content\/uploads\/2021\/12\/Sympozjum-1087x1536.png 1087w, https:\/\/www.anthill.com.pl\/wp-content\/uploads\/2021\/12\/Sympozjum-1449x2048.png 1449w, https:\/\/www.anthill.com.pl\/wp-content\/uploads\/2021\/12\/Sympozjum.png 1132w\" sizes=\"auto, (max-width: 512px) 100vw, 512px\" \/> <img loading=\"lazy\" decoding=\"async\" class=\"alignnone wp-image-3155\" src=\"https:\/\/www.anthill.com.pl\/wp-content\/uploads\/2021\/12\/Zakonczenie-Tygodnia-212x300.png\" alt=\"\" width=\"512\" height=\"725\" srcset=\"https:\/\/www.anthill.com.pl\/wp-content\/uploads\/2021\/12\/Zakonczenie-Tygodnia-212x300.png 212w, https:\/\/www.anthill.com.pl\/wp-content\/uploads\/2021\/12\/Zakonczenie-Tygodnia-283x400.png 283w, https:\/\/www.anthill.com.pl\/wp-content\/uploads\/2021\/12\/Zakonczenie-Tygodnia-768x1086.png 768w, https:\/\/www.anthill.com.pl\/wp-content\/uploads\/2021\/12\/Zakonczenie-Tygodnia-1086x1536.png 1086w, https:\/\/www.anthill.com.pl\/wp-content\/uploads\/2021\/12\/Zakonczenie-Tygodnia-1448x2048.png 1448w, https:\/\/www.anthill.com.pl\/wp-content\/uploads\/2021\/12\/Zakonczenie-Tygodnia.png 1131w\" sizes=\"auto, (max-width: 512px) 100vw, 512px\" \/><\/div>\n<div data-offset-key=\"34csh-0-0\"><\/div>\n<div data-offset-key=\"34csh-0-0\">\n<hr \/>\n<\/div>\n<div class=\"_1mf _1mj\" data-offset-key=\"34csh-0-0\"><span data-offset-key=\"34csh-0-0\">Organizator: Instytut historii KUL, <\/span><span class=\"_247o\" spellcheck=\"false\" data-offset-key=\"34csh-1-0\"><span data-offset-key=\"34csh-1-0\">Klub Inteligencji Katolickiej w Lublinie<\/span><\/span><span data-offset-key=\"34csh-2-0\"> , <\/span><span class=\"_247o\" spellcheck=\"false\" data-offset-key=\"34csh-3-0\"><span data-offset-key=\"34csh-3-0\">Fundacja Cultura Memoriae<\/span><\/span><\/div>\n<\/div>\n<div class=\"\" data-block=\"true\" data-editor=\"8q02j\" data-offset-key=\"8v835-0-0\">\n<div class=\"_1mf _1mj\" data-offset-key=\"8v835-0-0\"><span class=\"_247o\" spellcheck=\"false\" data-offset-key=\"8v835-0-0\"><span data-offset-key=\"8v835-0-0\">Muzeum Narodowe w Lublinie<\/span><\/span> <span class=\"_247o\" spellcheck=\"false\" data-offset-key=\"8v835-2-0\"><span data-offset-key=\"8v835-2-0\">Parafia pw. B\u0142ogos\u0142awionego Biskupa W\u0142adys\u0142awa Gorala w Lublinie<\/span><\/span><\/div>\n<\/div>\n<div class=\"\" data-block=\"true\" data-editor=\"8q02j\" data-offset-key=\"56m0j-0-0\">\n<div class=\"_1mf _1mj\" data-offset-key=\"56m0j-0-0\"><span data-offset-key=\"56m0j-0-0\">Parafia Nawr\u00f3cenia \u015bw. Paw\u0142a, Stowarzyszenie Anthill<\/span><\/div>\n<\/div>\n<div class=\"\" data-block=\"true\" data-editor=\"8q02j\" data-offset-key=\"1gpnv-0-0\">\n<div class=\"_1mf _1mj\" data-offset-key=\"1gpnv-0-0\"><span data-offset-key=\"1gpnv-0-0\">Patronat medialny: <\/span><span class=\"_247o\" spellcheck=\"false\" data-offset-key=\"1gpnv-1-0\"><span data-offset-key=\"1gpnv-1-0\">TVP 3 Lublin<\/span><\/span><\/div>\n<\/div>\n","protected":false},"excerpt":{"rendered":"<p>7-12 grudnia 2021 zapraszamy do udzia\u0142u w wydarzeniach &#8220;Tygodnia z B\u0142ogos\u0142awionym&#8221;, kt\u00f3ry dzi\u0119ki wsp\u00f3\u0142pracy wielu os\u00f3b oraz instytucji, przygotowali\u015bmy dla uczczenia 100 rocznicy \u015bwi\u0119ce\u0144 kap\u0142a\u0144skich biskupa Gorala. Nasze stowarzyszenie jest partnerem wydarzenia, a wystawa &#8220;Teraz przyszed\u0142 czas&#8230; B\u0142ogos\u0142awiony Biskup W\u0142adys\u0142aw Goral cichy m\u0119czennik Ko\u015bcio\u0142a i Ojczyzny&#8221; b\u0119dzie jednym z punkt\u00f3w programu. Organizator: Instytut historii KUL, [&hellip;]<\/p>\n","protected":false},"author":2,"featured_media":3107,"comment_status":"open","ping_status":"open","sticky":false,"template":"","format":"standard","meta":{"_themeisle_gutenberg_block_has_review":false,"footnotes":""},"categories":[1],"tags":[],"class_list":["post-3152","post","type-post","status-publish","format-standard","has-post-thumbnail","hentry","category-bez-kategorii","clearfix"],"_links":{"self":[{"href":"https:\/\/www.anthill.com.pl\/index.php?rest_route=\/wp\/v2\/posts\/3152","targetHints":{"allow":["GET"]}}],"collection":[{"href":"https:\/\/www.anthill.com.pl\/index.php?rest_route=\/wp\/v2\/posts"}],"about":[{"href":"https:\/\/www.anthill.com.pl\/index.php?rest_route=\/wp\/v2\/types\/post"}],"author":[{"embeddable":true,"href":"https:\/\/www.anthill.com.pl\/index.php?rest_route=\/wp\/v2\/users\/2"}],"replies":[{"embeddable":true,"href":"https:\/\/www.anthill.com.pl\/index.php?rest_route=%2Fwp%2Fv2%2Fcomments&post=3152"}],"version-history":[{"count":11,"href":"https:\/\/www.anthill.com.pl\/index.php?rest_route=\/wp\/v2\/posts\/3152\/revisions"}],"predecessor-version":[{"id":3197,"href":"https:\/\/www.anthill.com.pl\/index.php?rest_route=\/wp\/v2\/posts\/3152\/revisions\/3197"}],"wp:featuredmedia":[{"embeddable":true,"href":"https:\/\/www.anthill.com.pl\/index.php?rest_route=\/wp\/v2\/media\/3107"}],"wp:attachment":[{"href":"https:\/\/www.anthill.com.pl\/index.php?rest_route=%2Fwp%2Fv2%2Fmedia&parent=3152"}],"wp:term":[{"taxonomy":"category","embeddable":true,"href":"https:\/\/www.anthill.com.pl\/index.php?rest_route=%2Fwp%2Fv2%2Fcategories&post=3152"},{"taxonomy":"post_tag","embeddable":true,"href":"https:\/\/www.anthill.com.pl\/index.php?rest_route=%2Fwp%2Fv2%2Ftags&post=3152"}],"curies":[{"name":"wp","href":"https:\/\/api.w.org\/{rel}","templated":true}]}}