{"id":3245,"date":"2021-12-10T12:12:10","date_gmt":"2021-12-10T11:12:10","guid":{"rendered":"https:\/\/www.anthill.com.pl\/?p=3245"},"modified":"2024-05-19T21:29:16","modified_gmt":"2024-05-19T19:29:16","slug":"lublin-wieza-trynitarska","status":"publish","type":"post","link":"https:\/\/www.anthill.com.pl\/?p=3245","title":{"rendered":"Lublin Wie\u017ca Trynitarska"},"content":{"rendered":"\t\t<div data-elementor-type=\"wp-post\" data-elementor-id=\"3245\" class=\"elementor elementor-3245\" data-elementor-settings=\"[]\">\n\t\t\t\t\t\t<div class=\"elementor-inner\">\n\t\t\t\t\t\t\t<div class=\"elementor-section-wrap\">\n\t\t\t\t\t\t\t<section class=\"elementor-section elementor-top-section elementor-element elementor-element-3e877250 elementor-section-boxed elementor-section-height-default elementor-section-height-default\" data-id=\"3e877250\" data-element_type=\"section\">\n\t\t\t\t\t\t<div class=\"elementor-container elementor-column-gap-default\">\n\t\t\t\t\t\t\t<div class=\"elementor-row\">\n\t\t\t\t\t<div class=\"elementor-column elementor-col-100 elementor-top-column elementor-element elementor-element-55022b30\" data-id=\"55022b30\" data-element_type=\"column\">\n\t\t\t<div class=\"elementor-column-wrap elementor-element-populated\">\n\t\t\t\t\t\t\t<div class=\"elementor-widget-wrap\">\n\t\t\t\t\t\t<div class=\"elementor-element elementor-element-1859a295 elementor-widget elementor-widget-text-editor\" data-id=\"1859a295\" data-element_type=\"widget\" data-widget_type=\"text-editor.default\">\n\t\t\t\t<div class=\"elementor-widget-container\">\n\t\t\t\t\t\t\t\t<div class=\"elementor-text-editor elementor-clearfix\">\n\t\t\t\t<h3>Zapraszamy do obejrzenia gigapanoramy Lublina, wykonanej z tarasu widokowego Wie\u017cy Trynitarskiej \u2013 najwy\u017cej po\u0142o\u017conego punktu widokowego miasta. A wszystko to w ramach wirtualnego spaceru.<\/h3><p>Stowarzyszenie Anthill we wsp\u00f3\u0142pracy z Archidiecezj\u0105 Lubelsk\u0105 przygotowa\u0142o now\u0105, multimedialn\u0105 ods\u0142on\u0119 Lublina. Z pomoc\u0105 nowoczesnych form, za po\u015brednictwem strony internetowej, mo\u017cna w prosty spos\u00f3b podziwia\u0107 zasoby kulturalne i architektoniczne Wie\u017cy Trynitarskiej, jak r\u00f3wnie\u017c pozna\u0107 Lublin \u2013 Pomnik Historii. Przygotowane zosta\u0142y szczeg\u00f3\u0142owe panoramy lotnicze i gigapanoramy Lublina oraz\u00a0 wirtualny spacer wewn\u0105trz Wie\u017cy Trynitarskiej, gdzie czeka na Pa\u0144stwa multimedialna ods\u0142ona zabytk\u00f3w oraz szereg informacji i opowiada\u0144 o Muzeum.<\/p><p>Zapraszamy na stron\u0119 internetow\u0105:<\/p><p><a href=\"https:\/\/koscioly.diecezja.lublin.pl\/pl\/o-projekcie\/wieza-trynitarska-przestrzen-nieznana.html\">https:\/\/koscioly.diecezja.lublin.pl\/pl\/o-projekcie\/wieza-trynitarska-przestrzen-nieznana.html<\/a><\/p><p><img loading=\"lazy\" decoding=\"async\" class=\"alignnone wp-image-3251\" src=\"https:\/\/www.anthill.com.pl\/wp-content\/uploads\/2021\/12\/Zrzut-ekranu-2021-12-10-121013-774x300.jpg\" alt=\"\" width=\"908\" height=\"352\" srcset=\"https:\/\/www.anthill.com.pl\/wp-content\/uploads\/2021\/12\/Zrzut-ekranu-2021-12-10-121013-774x300.jpg 774w, https:\/\/www.anthill.com.pl\/wp-content\/uploads\/2021\/12\/Zrzut-ekranu-2021-12-10-121013-938x363.jpg 938w, https:\/\/www.anthill.com.pl\/wp-content\/uploads\/2021\/12\/Zrzut-ekranu-2021-12-10-121013-768x298.jpg 768w, https:\/\/www.anthill.com.pl\/wp-content\/uploads\/2021\/12\/Zrzut-ekranu-2021-12-10-121013-1536x595.jpg 1536w, https:\/\/www.anthill.com.pl\/wp-content\/uploads\/2021\/12\/Zrzut-ekranu-2021-12-10-121013-2048x794.jpg 2048w, https:\/\/www.anthill.com.pl\/wp-content\/uploads\/2021\/12\/Zrzut-ekranu-2021-12-10-121013-scaled.jpg 1600w\" sizes=\"auto, (max-width: 908px) 100vw, 908px\" \/> <img loading=\"lazy\" decoding=\"async\" class=\"alignnone size-medium wp-image-3252\" src=\"https:\/\/www.anthill.com.pl\/wp-content\/uploads\/2021\/12\/Zrzut-ekranu-2021-12-10-121043-910x300.jpg\" alt=\"\" width=\"910\" height=\"300\" srcset=\"https:\/\/www.anthill.com.pl\/wp-content\/uploads\/2021\/12\/Zrzut-ekranu-2021-12-10-121043-910x300.jpg 910w, https:\/\/www.anthill.com.pl\/wp-content\/uploads\/2021\/12\/Zrzut-ekranu-2021-12-10-121043-938x309.jpg 938w, https:\/\/www.anthill.com.pl\/wp-content\/uploads\/2021\/12\/Zrzut-ekranu-2021-12-10-121043-768x253.jpg 768w, https:\/\/www.anthill.com.pl\/wp-content\/uploads\/2021\/12\/Zrzut-ekranu-2021-12-10-121043-1536x506.jpg 1536w, https:\/\/www.anthill.com.pl\/wp-content\/uploads\/2021\/12\/Zrzut-ekranu-2021-12-10-121043-2048x675.jpg 2048w, https:\/\/www.anthill.com.pl\/wp-content\/uploads\/2021\/12\/Zrzut-ekranu-2021-12-10-121043-scaled.jpg 1600w\" sizes=\"auto, (max-width: 910px) 100vw, 910px\" \/> <img loading=\"lazy\" decoding=\"async\" class=\"alignnone size-medium wp-image-3253\" src=\"https:\/\/www.anthill.com.pl\/wp-content\/uploads\/2021\/12\/Zrzut-ekranu-2021-12-10-121105-907x300.jpg\" alt=\"\" width=\"907\" height=\"300\" srcset=\"https:\/\/www.anthill.com.pl\/wp-content\/uploads\/2021\/12\/Zrzut-ekranu-2021-12-10-121105-907x300.jpg 907w, https:\/\/www.anthill.com.pl\/wp-content\/uploads\/2021\/12\/Zrzut-ekranu-2021-12-10-121105-938x310.jpg 938w, https:\/\/www.anthill.com.pl\/wp-content\/uploads\/2021\/12\/Zrzut-ekranu-2021-12-10-121105-768x254.jpg 768w, https:\/\/www.anthill.com.pl\/wp-content\/uploads\/2021\/12\/Zrzut-ekranu-2021-12-10-121105-1536x508.jpg 1536w, https:\/\/www.anthill.com.pl\/wp-content\/uploads\/2021\/12\/Zrzut-ekranu-2021-12-10-121105-2048x677.jpg 2048w, https:\/\/www.anthill.com.pl\/wp-content\/uploads\/2021\/12\/Zrzut-ekranu-2021-12-10-121105-scaled.jpg 1600w\" sizes=\"auto, (max-width: 907px) 100vw, 907px\" \/><\/p><hr \/><p>Projekt zrealizowany przez Stowarzyszenie Anthill we wsp\u00f3\u0142pracy z Archidiecezj\u0105 Lubelsk\u0105.<\/p><p>Partnerzy: Ministerstwo Kultury i Dziedzictwa Narodowego, Miasto Lublin, Urz\u0105d Marsza\u0142kowski Wojew\u00f3dztwa Lubelskiego, Archidiecezja Lubelska<\/p><p><em>Projekt zrealizowany dzi\u0119ki wsparciu Miasta Lublin<\/em><\/p><p><em>Projekt zrealizowany dzi\u0119ki wsparciu Wojew\u00f3dztwa Lubelskiego<\/em><\/p><p><em>Dofinansowano ze \u015brodk\u00f3w Ministra Kultury i Dziedzictwa Narodowego pochodz\u0105cych z Funduszu Promocji Kultury- pa\u0144stwowego funduszu celowego.<\/em><\/p><p><img loading=\"lazy\" decoding=\"async\" class=\"wp-image-3246 alignleft\" src=\"https:\/\/www.anthill.com.pl\/wp-content\/uploads\/2021\/12\/MKiDN-01_greyscale-300x300.jpg\" alt=\"\" width=\"193\" height=\"193\" srcset=\"https:\/\/www.anthill.com.pl\/wp-content\/uploads\/2021\/12\/MKiDN-01_greyscale-300x300.jpg 300w, https:\/\/www.anthill.com.pl\/wp-content\/uploads\/2021\/12\/MKiDN-01_greyscale-400x400.jpg 400w, https:\/\/www.anthill.com.pl\/wp-content\/uploads\/2021\/12\/MKiDN-01_greyscale-140x140.jpg 140w, https:\/\/www.anthill.com.pl\/wp-content\/uploads\/2021\/12\/MKiDN-01_greyscale-768x768.jpg 768w, https:\/\/www.anthill.com.pl\/wp-content\/uploads\/2021\/12\/MKiDN-01_greyscale-1536x1536.jpg 1536w, https:\/\/www.anthill.com.pl\/wp-content\/uploads\/2021\/12\/MKiDN-01_greyscale-2048x2048.jpg 2048w, https:\/\/www.anthill.com.pl\/wp-content\/uploads\/2021\/12\/MKiDN-01_greyscale-scaled.jpg 1600w\" sizes=\"auto, (max-width: 193px) 100vw, 193px\" \/><img loading=\"lazy\" decoding=\"async\" class=\"wp-image-3249 alignleft\" src=\"https:\/\/www.anthill.com.pl\/wp-content\/uploads\/2021\/12\/logotyp-1.png\" alt=\"\" width=\"217\" height=\"163\" \/><img loading=\"lazy\" decoding=\"async\" class=\"wp-image-859 alignnone\" src=\"https:\/\/www.anthill.com.pl\/wp-content\/uploads\/2021\/08\/AL-logo-247x300.jpg\" alt=\"\" width=\"126\" height=\"153\" srcset=\"https:\/\/www.anthill.com.pl\/wp-content\/uploads\/2021\/08\/AL-logo-247x300.jpg 247w, https:\/\/www.anthill.com.pl\/wp-content\/uploads\/2021\/08\/AL-logo-844x1024.jpg 844w, https:\/\/www.anthill.com.pl\/wp-content\/uploads\/2021\/08\/AL-logo-768x932.jpg 768w, https:\/\/www.anthill.com.pl\/wp-content\/uploads\/2021\/08\/AL-logo-1265x1536.jpg 1265w, https:\/\/www.anthill.com.pl\/wp-content\/uploads\/2021\/08\/AL-logo.jpg 1318w\" sizes=\"auto, (max-width: 126px) 100vw, 126px\" \/><\/p><p><img loading=\"lazy\" decoding=\"async\" class=\"wp-image-3247 aligncenter\" src=\"https:\/\/www.anthill.com.pl\/wp-content\/uploads\/2021\/12\/ZREALIZOWANY-DZIEKI-WSPARCIU-ML_CZ-B-1169x300.jpg\" alt=\"\" width=\"402\" height=\"103\" srcset=\"https:\/\/www.anthill.com.pl\/wp-content\/uploads\/2021\/12\/ZREALIZOWANY-DZIEKI-WSPARCIU-ML_CZ-B-1169x300.jpg 1169w, https:\/\/www.anthill.com.pl\/wp-content\/uploads\/2021\/12\/ZREALIZOWANY-DZIEKI-WSPARCIU-ML_CZ-B-938x241.jpg 938w, https:\/\/www.anthill.com.pl\/wp-content\/uploads\/2021\/12\/ZREALIZOWANY-DZIEKI-WSPARCIU-ML_CZ-B-768x197.jpg 768w, https:\/\/www.anthill.com.pl\/wp-content\/uploads\/2021\/12\/ZREALIZOWANY-DZIEKI-WSPARCIU-ML_CZ-B-1536x394.jpg 1536w, https:\/\/www.anthill.com.pl\/wp-content\/uploads\/2021\/12\/ZREALIZOWANY-DZIEKI-WSPARCIU-ML_CZ-B-2048x526.jpg 2048w, https:\/\/www.anthill.com.pl\/wp-content\/uploads\/2021\/12\/ZREALIZOWANY-DZIEKI-WSPARCIU-ML_CZ-B.jpg 1600w\" sizes=\"auto, (max-width: 402px) 100vw, 402px\" \/><\/p>\t\t\t\t\t<\/div>\n\t\t\t\t\t\t<\/div>\n\t\t\t\t<\/div>\n\t\t\t\t\t\t<\/div>\n\t\t\t\t\t<\/div>\n\t\t<\/div>\n\t\t\t\t\t\t\t\t<\/div>\n\t\t\t\t\t<\/div>\n\t\t<\/section>\n\t\t\t\t\t\t<\/div>\n\t\t\t\t\t\t<\/div>\n\t\t\t\t\t<\/div>\n\t\t","protected":false},"excerpt":{"rendered":"<p>Zapraszamy do obejrzenia gigapanoramy Lublina, wykonanej z tarasu widokowego Wie\u017cy Trynitarskiej \u2013 najwy\u017cej po\u0142o\u017conego punktu widokowego miasta. A wszystko to w ramach wirtualnego spaceru. Stowarzyszenie Anthill we wsp\u00f3\u0142pracy z Archidiecezj\u0105 Lubelsk\u0105 przygotowa\u0142o now\u0105, multimedialn\u0105 ods\u0142on\u0119 Lublina. Z pomoc\u0105 nowoczesnych form, za po\u015brednictwem strony internetowej, mo\u017cna w prosty spos\u00f3b podziwia\u0107 zasoby kulturalne i architektoniczne Wie\u017cy Trynitarskiej, [&hellip;]<\/p>\n","protected":false},"author":2,"featured_media":3337,"comment_status":"open","ping_status":"open","sticky":false,"template":"","format":"standard","meta":{"_themeisle_gutenberg_block_has_review":false,"footnotes":""},"categories":[1],"tags":[],"class_list":["post-3245","post","type-post","status-publish","format-standard","has-post-thumbnail","hentry","category-bez-kategorii","clearfix"],"_links":{"self":[{"href":"https:\/\/www.anthill.com.pl\/index.php?rest_route=\/wp\/v2\/posts\/3245","targetHints":{"allow":["GET"]}}],"collection":[{"href":"https:\/\/www.anthill.com.pl\/index.php?rest_route=\/wp\/v2\/posts"}],"about":[{"href":"https:\/\/www.anthill.com.pl\/index.php?rest_route=\/wp\/v2\/types\/post"}],"author":[{"embeddable":true,"href":"https:\/\/www.anthill.com.pl\/index.php?rest_route=\/wp\/v2\/users\/2"}],"replies":[{"embeddable":true,"href":"https:\/\/www.anthill.com.pl\/index.php?rest_route=%2Fwp%2Fv2%2Fcomments&post=3245"}],"version-history":[{"count":10,"href":"https:\/\/www.anthill.com.pl\/index.php?rest_route=\/wp\/v2\/posts\/3245\/revisions"}],"predecessor-version":[{"id":6929,"href":"https:\/\/www.anthill.com.pl\/index.php?rest_route=\/wp\/v2\/posts\/3245\/revisions\/6929"}],"wp:featuredmedia":[{"embeddable":true,"href":"https:\/\/www.anthill.com.pl\/index.php?rest_route=\/wp\/v2\/media\/3337"}],"wp:attachment":[{"href":"https:\/\/www.anthill.com.pl\/index.php?rest_route=%2Fwp%2Fv2%2Fmedia&parent=3245"}],"wp:term":[{"taxonomy":"category","embeddable":true,"href":"https:\/\/www.anthill.com.pl\/index.php?rest_route=%2Fwp%2Fv2%2Fcategories&post=3245"},{"taxonomy":"post_tag","embeddable":true,"href":"https:\/\/www.anthill.com.pl\/index.php?rest_route=%2Fwp%2Fv2%2Ftags&post=3245"}],"curies":[{"name":"wp","href":"https:\/\/api.w.org\/{rel}","templated":true}]}}