{"id":3273,"date":"2021-12-15T12:56:40","date_gmt":"2021-12-15T11:56:40","guid":{"rendered":"https:\/\/www.anthill.com.pl\/?p=3273"},"modified":"2021-12-15T13:02:40","modified_gmt":"2021-12-15T12:02:40","slug":"tydzien-z-blogoslawionym","status":"publish","type":"post","link":"https:\/\/www.anthill.com.pl\/?p=3273","title":{"rendered":"Tydzie\u0144 z B\u0142ogos\u0142awionym"},"content":{"rendered":"<div class=\"kvgmc6g5 cxmmr5t8 oygrvhab hcukyx3x c1et5uql ii04i59q\">\n<div dir=\"auto\">Wystawa &#8220;Teraz przyszed\u0142 czas&#8230; B\u0142ogos\u0142awiony Biskup W\u0142adys\u0142aw Goral, cichy m\u0119czennik Ko\u015bcio\u0142a i Ojczyzny&#8221; by\u0142a punktem programu &#8220;Tygodnia z B\u0142ogos\u0142awionym&#8221;.<\/div>\n<\/div>\n<div dir=\"auto\"><img loading=\"lazy\" decoding=\"async\" class=\"alignnone size-medium wp-image-3274\" src=\"https:\/\/www.anthill.com.pl\/wp-content\/uploads\/2021\/12\/photo_2021-12-15_12-42-36-533x300.jpg\" alt=\"\" width=\"533\" height=\"300\" srcset=\"https:\/\/www.anthill.com.pl\/wp-content\/uploads\/2021\/12\/photo_2021-12-15_12-42-36-533x300.jpg 533w, https:\/\/www.anthill.com.pl\/wp-content\/uploads\/2021\/12\/photo_2021-12-15_12-42-36-711x400.jpg 711w, https:\/\/www.anthill.com.pl\/wp-content\/uploads\/2021\/12\/photo_2021-12-15_12-42-36-768x432.jpg 768w, https:\/\/www.anthill.com.pl\/wp-content\/uploads\/2021\/12\/photo_2021-12-15_12-42-36.jpg 1280w\" sizes=\"auto, (max-width: 533px) 100vw, 533px\" \/> <img loading=\"lazy\" decoding=\"async\" class=\"size-medium wp-image-3275 alignright\" src=\"https:\/\/www.anthill.com.pl\/wp-content\/uploads\/2021\/12\/photo_2021-12-15_12-42-49-533x300.jpg\" alt=\"\" width=\"533\" height=\"300\" srcset=\"https:\/\/www.anthill.com.pl\/wp-content\/uploads\/2021\/12\/photo_2021-12-15_12-42-49-533x300.jpg 533w, https:\/\/www.anthill.com.pl\/wp-content\/uploads\/2021\/12\/photo_2021-12-15_12-42-49-711x400.jpg 711w, https:\/\/www.anthill.com.pl\/wp-content\/uploads\/2021\/12\/photo_2021-12-15_12-42-49-768x432.jpg 768w, https:\/\/www.anthill.com.pl\/wp-content\/uploads\/2021\/12\/photo_2021-12-15_12-42-49.jpg 1280w\" sizes=\"auto, (max-width: 533px) 100vw, 533px\" \/> <img loading=\"lazy\" decoding=\"async\" class=\"alignnone size-medium wp-image-3276\" src=\"https:\/\/www.anthill.com.pl\/wp-content\/uploads\/2021\/12\/photo_2021-12-15_12-42-56-533x300.jpg\" alt=\"\" width=\"533\" height=\"300\" srcset=\"https:\/\/www.anthill.com.pl\/wp-content\/uploads\/2021\/12\/photo_2021-12-15_12-42-56-533x300.jpg 533w, https:\/\/www.anthill.com.pl\/wp-content\/uploads\/2021\/12\/photo_2021-12-15_12-42-56-711x400.jpg 711w, https:\/\/www.anthill.com.pl\/wp-content\/uploads\/2021\/12\/photo_2021-12-15_12-42-56-768x432.jpg 768w, https:\/\/www.anthill.com.pl\/wp-content\/uploads\/2021\/12\/photo_2021-12-15_12-42-56.jpg 1280w\" sizes=\"auto, (max-width: 533px) 100vw, 533px\" \/> <img loading=\"lazy\" decoding=\"async\" class=\"size-medium wp-image-3277 alignright\" src=\"https:\/\/www.anthill.com.pl\/wp-content\/uploads\/2021\/12\/photo_2021-12-15_12-43-02-533x300.jpg\" alt=\"\" width=\"533\" height=\"300\" srcset=\"https:\/\/www.anthill.com.pl\/wp-content\/uploads\/2021\/12\/photo_2021-12-15_12-43-02-533x300.jpg 533w, https:\/\/www.anthill.com.pl\/wp-content\/uploads\/2021\/12\/photo_2021-12-15_12-43-02-711x400.jpg 711w, https:\/\/www.anthill.com.pl\/wp-content\/uploads\/2021\/12\/photo_2021-12-15_12-43-02-768x432.jpg 768w, https:\/\/www.anthill.com.pl\/wp-content\/uploads\/2021\/12\/photo_2021-12-15_12-43-02.jpg 1280w\" sizes=\"auto, (max-width: 533px) 100vw, 533px\" \/> <img loading=\"lazy\" decoding=\"async\" class=\"alignnone size-medium wp-image-3278\" src=\"https:\/\/www.anthill.com.pl\/wp-content\/uploads\/2021\/12\/photo_2021-12-15_12-43-08-533x300.jpg\" alt=\"\" width=\"533\" height=\"300\" srcset=\"https:\/\/www.anthill.com.pl\/wp-content\/uploads\/2021\/12\/photo_2021-12-15_12-43-08-533x300.jpg 533w, https:\/\/www.anthill.com.pl\/wp-content\/uploads\/2021\/12\/photo_2021-12-15_12-43-08-711x400.jpg 711w, https:\/\/www.anthill.com.pl\/wp-content\/uploads\/2021\/12\/photo_2021-12-15_12-43-08-768x432.jpg 768w, https:\/\/www.anthill.com.pl\/wp-content\/uploads\/2021\/12\/photo_2021-12-15_12-43-08.jpg 1280w\" sizes=\"auto, (max-width: 533px) 100vw, 533px\" \/><\/div>\n<div dir=\"auto\"><\/div>\n<div class=\"cxmmr5t8 oygrvhab hcukyx3x c1et5uql o9v6fnle ii04i59q\">\n<div dir=\"auto\">\n<hr \/>\n<\/div>\n<div dir=\"auto\">Organizator: <span class=\"nc684nl6\">Instytut Historii KUL<\/span> , <span class=\"nc684nl6\">Klub Inteligencji Katolickiej w Lublinie<\/span> , <a class=\"oajrlxb2 g5ia77u1 qu0x051f esr5mh6w e9989ue4 r7d6kgcz rq0escxv nhd2j8a9 nc684nl6 p7hjln8o kvgmc6g5 cxmmr5t8 oygrvhab hcukyx3x jb3vyjys rz4wbd8a qt6c0cv9 a8nywdso i1ao9s8h esuyzwwr f1sip0of lzcic4wl gpro0wi8 q66pz984 b1v8xokw\" tabindex=\"0\" role=\"link\" href=\"https:\/\/www.facebook.com\/fundacjaculturamemoriae\/?__cft__[0]=AZWOkUaGvNdXyAFZnbDhjCW9IRUQjwFNUiDMVIUlbg9cGq2WNgcIk9O-h4Vvpa3dyOGgFo0eQHoF9L4hEakyqspDE6yzXb9rkDI6PV4TW3vUJmUT3t43KWKIfkgnXJMKQJwRM_vWFVVqa4gbjAh_Lz6aQqSLzW7bPQ881eKwY3HwlQ&amp;__tn__=kK-R\"><span class=\"nc684nl6\">Fun<\/span><\/a><span class=\"nc684nl6\">d<\/span><span class=\"nc684nl6\">acja Cultura Memoriae<\/span><\/div>\n<div dir=\"auto\"><span class=\"nc684nl6\">Muzeum Narodowe w Lublinie<\/span> <span class=\"nc684nl6\">Parafia pw. B\u0142ogos\u0142awionego Biskupa W\u0142adys\u0142awa Gorala w Lublinie<\/span><\/div>\n<div dir=\"auto\"><span class=\"nc684nl6\">Parafia pw Nawr\u00f3cenia \u015bw. Paw\u0142a w Lublinie<\/span> , Anthill<\/div>\n<div dir=\"auto\">Patronat medialny: <span class=\"nc684nl6\">TVP 3 Lublin<\/span><\/div>\n<\/div>\n","protected":false},"excerpt":{"rendered":"<p>Wystawa &#8220;Teraz przyszed\u0142 czas&#8230; B\u0142ogos\u0142awiony Biskup W\u0142adys\u0142aw Goral, cichy m\u0119czennik Ko\u015bcio\u0142a i Ojczyzny&#8221; by\u0142a punktem programu &#8220;Tygodnia z B\u0142ogos\u0142awionym&#8221;. Organizator: Instytut Historii KUL , Klub Inteligencji Katolickiej w Lublinie , Fundacja Cultura Memoriae Muzeum Narodowe w Lublinie Parafia pw. B\u0142ogos\u0142awionego Biskupa W\u0142adys\u0142awa Gorala w Lublinie Parafia pw Nawr\u00f3cenia \u015bw. Paw\u0142a w Lublinie , Anthill Patronat [&hellip;]<\/p>\n","protected":false},"author":2,"featured_media":3107,"comment_status":"open","ping_status":"open","sticky":false,"template":"","format":"standard","meta":{"_themeisle_gutenberg_block_has_review":false,"footnotes":""},"categories":[1],"tags":[],"class_list":["post-3273","post","type-post","status-publish","format-standard","has-post-thumbnail","hentry","category-bez-kategorii","clearfix"],"_links":{"self":[{"href":"https:\/\/www.anthill.com.pl\/index.php?rest_route=\/wp\/v2\/posts\/3273","targetHints":{"allow":["GET"]}}],"collection":[{"href":"https:\/\/www.anthill.com.pl\/index.php?rest_route=\/wp\/v2\/posts"}],"about":[{"href":"https:\/\/www.anthill.com.pl\/index.php?rest_route=\/wp\/v2\/types\/post"}],"author":[{"embeddable":true,"href":"https:\/\/www.anthill.com.pl\/index.php?rest_route=\/wp\/v2\/users\/2"}],"replies":[{"embeddable":true,"href":"https:\/\/www.anthill.com.pl\/index.php?rest_route=%2Fwp%2Fv2%2Fcomments&post=3273"}],"version-history":[{"count":1,"href":"https:\/\/www.anthill.com.pl\/index.php?rest_route=\/wp\/v2\/posts\/3273\/revisions"}],"predecessor-version":[{"id":3279,"href":"https:\/\/www.anthill.com.pl\/index.php?rest_route=\/wp\/v2\/posts\/3273\/revisions\/3279"}],"wp:featuredmedia":[{"embeddable":true,"href":"https:\/\/www.anthill.com.pl\/index.php?rest_route=\/wp\/v2\/media\/3107"}],"wp:attachment":[{"href":"https:\/\/www.anthill.com.pl\/index.php?rest_route=%2Fwp%2Fv2%2Fmedia&parent=3273"}],"wp:term":[{"taxonomy":"category","embeddable":true,"href":"https:\/\/www.anthill.com.pl\/index.php?rest_route=%2Fwp%2Fv2%2Fcategories&post=3273"},{"taxonomy":"post_tag","embeddable":true,"href":"https:\/\/www.anthill.com.pl\/index.php?rest_route=%2Fwp%2Fv2%2Ftags&post=3273"}],"curies":[{"name":"wp","href":"https:\/\/api.w.org\/{rel}","templated":true}]}}