{"id":6091,"date":"2023-10-17T10:43:57","date_gmt":"2023-10-17T08:43:57","guid":{"rendered":"https:\/\/www.anthill.com.pl\/?p=6091"},"modified":"2024-02-09T10:38:28","modified_gmt":"2024-02-09T09:38:28","slug":"sonosfera-lubelska-3","status":"publish","type":"post","link":"https:\/\/www.anthill.com.pl\/?p=6091","title":{"rendered":"Sonosfera Lubelska"},"content":{"rendered":"\t\t<div data-elementor-type=\"wp-post\" data-elementor-id=\"6091\" class=\"elementor elementor-6091\" data-elementor-settings=\"[]\">\n\t\t\t\t\t\t<div class=\"elementor-inner\">\n\t\t\t\t\t\t\t<div class=\"elementor-section-wrap\">\n\t\t\t\t\t\t\t<section class=\"elementor-section elementor-top-section elementor-element elementor-element-7063b4c1 elementor-section-boxed elementor-section-height-default elementor-section-height-default\" data-id=\"7063b4c1\" data-element_type=\"section\">\n\t\t\t\t\t\t<div class=\"elementor-container elementor-column-gap-default\">\n\t\t\t\t\t\t\t<div class=\"elementor-row\">\n\t\t\t\t\t<div class=\"elementor-column elementor-col-100 elementor-top-column elementor-element elementor-element-7e609ab0\" data-id=\"7e609ab0\" data-element_type=\"column\">\n\t\t\t<div class=\"elementor-column-wrap elementor-element-populated\">\n\t\t\t\t\t\t\t<div class=\"elementor-widget-wrap\">\n\t\t\t\t\t\t<div class=\"elementor-element elementor-element-4c66e0db elementor-widget elementor-widget-text-editor\" data-id=\"4c66e0db\" data-element_type=\"widget\" data-widget_type=\"text-editor.default\">\n\t\t\t\t<div class=\"elementor-widget-container\">\n\t\t\t\t\t\t\t\t<div class=\"elementor-text-editor elementor-clearfix\">\n\t\t\t\t<!-- wp:paragraph -->\n<p>vol. 3<\/p>\n<!-- \/wp:paragraph -->\t\t\t\t\t<\/div>\n\t\t\t\t\t\t<\/div>\n\t\t\t\t<\/div>\n\t\t\t\t\t\t<\/div>\n\t\t\t\t\t<\/div>\n\t\t<\/div>\n\t\t\t\t\t\t\t\t<\/div>\n\t\t\t\t\t<\/div>\n\t\t<\/section>\n\t\t\t\t<section class=\"elementor-section elementor-top-section elementor-element elementor-element-23d951d elementor-section-boxed elementor-section-height-default elementor-section-height-default\" data-id=\"23d951d\" data-element_type=\"section\">\n\t\t\t\t\t\t<div class=\"elementor-container elementor-column-gap-default\">\n\t\t\t\t\t\t\t<div class=\"elementor-row\">\n\t\t\t\t\t<div class=\"elementor-column elementor-col-100 elementor-top-column elementor-element elementor-element-93758e6\" data-id=\"93758e6\" data-element_type=\"column\">\n\t\t\t<div class=\"elementor-column-wrap elementor-element-populated\">\n\t\t\t\t\t\t\t<div class=\"elementor-widget-wrap\">\n\t\t\t\t\t\t<div class=\"elementor-element elementor-element-b280359 elementor-invisible elementor-widget elementor-widget-text-editor\" data-id=\"b280359\" data-element_type=\"widget\" data-settings=\"{&quot;_animation&quot;:&quot;fadeInDown&quot;}\" data-widget_type=\"text-editor.default\">\n\t\t\t\t<div class=\"elementor-widget-container\">\n\t\t\t\t\t\t\t\t<div class=\"elementor-text-editor elementor-clearfix\">\n\t\t\t\t<p>Archidiecezja Lubelska zaprasza na III edycj\u0119 Sonosfery Lubelskiej.<\/p>\n<p>III edycja Sonosfery Lubelskiej to koncertowe nagranie kompozycji Marty Grzywacz, Sebastiana Maca i Marcina Sudzi\u0144skiego w realizacji nagraniowej Rafa\u0142a Smoli\u0144skiego. 45. minutowy utw\u00f3r na g\u0142os kobiecy, elektronik\u0119, flety pasterskie, harmonium i gitar\u0119 elektryczn\u0105 powsta\u0142 w oparciu o wybrane aspekty sztuki i my\u015bli Jerzego Nowosielskiego. Powstanie kompozycji poprzedza\u0142y wyjazdy i nagrania terenowe.<\/p>\t\t\t\t\t<\/div>\n\t\t\t\t\t\t<\/div>\n\t\t\t\t<\/div>\n\t\t\t\t\t\t<\/div>\n\t\t\t\t\t<\/div>\n\t\t<\/div>\n\t\t\t\t\t\t\t\t<\/div>\n\t\t\t\t\t<\/div>\n\t\t<\/section>\n\t\t\t\t<section class=\"elementor-section elementor-top-section elementor-element elementor-element-7e79d2a elementor-section-boxed elementor-section-height-default elementor-section-height-default\" data-id=\"7e79d2a\" data-element_type=\"section\">\n\t\t\t\t\t\t<div class=\"elementor-container elementor-column-gap-default\">\n\t\t\t\t\t\t\t<div class=\"elementor-row\">\n\t\t\t\t\t<div class=\"elementor-column elementor-col-50 elementor-top-column elementor-element elementor-element-0ff0467\" data-id=\"0ff0467\" data-element_type=\"column\">\n\t\t\t<div class=\"elementor-column-wrap elementor-element-populated\">\n\t\t\t\t\t\t\t<div class=\"elementor-widget-wrap\">\n\t\t\t\t\t\t<div class=\"elementor-element elementor-element-a1d2be4 elementor-invisible elementor-widget elementor-widget-text-editor\" data-id=\"a1d2be4\" data-element_type=\"widget\" data-settings=\"{&quot;_animation&quot;:&quot;fadeInDown&quot;}\" data-widget_type=\"text-editor.default\">\n\t\t\t\t<div class=\"elementor-widget-container\">\n\t\t\t\t\t\t\t\t<div class=\"elementor-text-editor elementor-clearfix\">\n\t\t\t\t<p><em>Szukaj\u0105c inspiracji odwiedzili\u015bmy prawos\u0142awny Skit (pustelni\u0119) w Odrynkach na Podlasiu. By przyjrze\u0107 si\u0119 dzie\u0142om o tematyce sakralnej udali\u015bmy si\u0119 do Hajn\u00f3wki, gdzie w Cerkwi Cmentarnej pw. Wszystkich \u015awi\u0119tych znajduje si\u0119 ikonostas Nowosielskiego. Odwiedzili\u015bmy te\u017c Ko\u015bci\u00f3\u0142 Rzymskokatolicki pw. Opatrzno\u015bci Bo\u017cej w Weso\u0142ej, w kt\u00f3rym Jerzy Nowosielski zrealizowa\u0142 s\u0142ynn\u0105 polichromi\u0119 i drog\u0119 krzy\u017cow\u0105. Problemy i motywy do kt\u00f3rych nawi\u0105zuje nasza kompozycja (w wyra\u017any spos\u00f3b obecne r\u00f3wnie\u017c w sztuce i my\u015bli Nowosielskiego) to na przyk\u0142ad: cz\u0142owiek jako istota uwik\u0142ana w materi\u0119, kobieta, zwiastowanie, byty subtelne, rozdarcie pomi\u0119dzy jasno\u015bci\u0105 a mrokiem. Jerzy Nososielski to posta\u0107 z ca\u0142\u0105 pewno\u015bci\u0105 niejednoznaczna. Swoj\u0105 sztuk\u0105 prowadzi cz\u0142owieka w rejony tajemniczych uniesienie\u0144, ale r\u00f3wnie\u017c stawia pytania, na kt\u00f3re czasem wygodnej by\u0142oby nie szuka\u0107 odpowiedzi. Nie wiem czy bardziej lubimy jego malarstwo czy mo\u017ce teksty, czasem skrajnie, mo\u017ce nawet nieco staro\u015bwiecko stawiaj\u0105ce rozmaite tezy, by zaraz potem szeroko rozpo\u015bciera\u0107 intelektualny choryzont. Przygotowania do tego koncertu to prawdziwa przygoda, kt\u00f3r\u0105 ka\u017cdy z nas prze\u017cywa na sw\u00f3j spos\u00f3b. Co\u015b mi m\u00f3wi, \u017ce tak \u0142atwo si\u0119 ona nie sko\u0144czy,\u00a0 w\u0142o\u017cyli\u015bmy w ni\u0105 sporo emocji<\/em> \u2013 m\u00f3wi Marcin Sudzi\u0144ski.<\/p>\t\t\t\t\t<\/div>\n\t\t\t\t\t\t<\/div>\n\t\t\t\t<\/div>\n\t\t\t\t\t\t<\/div>\n\t\t\t\t\t<\/div>\n\t\t<\/div>\n\t\t\t\t<div class=\"elementor-column elementor-col-50 elementor-top-column elementor-element elementor-element-993a1fd\" data-id=\"993a1fd\" data-element_type=\"column\">\n\t\t\t<div class=\"elementor-column-wrap elementor-element-populated\">\n\t\t\t\t\t\t\t<div class=\"elementor-widget-wrap\">\n\t\t\t\t\t\t<div class=\"elementor-element elementor-element-aaf1422 elementor-invisible elementor-widget elementor-widget-image\" data-id=\"aaf1422\" data-element_type=\"widget\" data-settings=\"{&quot;_animation&quot;:&quot;fadeInDown&quot;}\" data-widget_type=\"image.default\">\n\t\t\t\t<div class=\"elementor-widget-container\">\n\t\t\t\t\t\t\t\t<div class=\"elementor-image\">\n\t\t\t\t\t\t\t\t\t\t\t\t<img loading=\"lazy\" decoding=\"async\" width=\"1086\" height=\"1536\" src=\"https:\/\/www.anthill.com.pl\/wp-content\/uploads\/2023\/10\/Sonosfera_plakat-1086x1536.jpg\" class=\"attachment-1536x1536 size-1536x1536\" alt=\"\" srcset=\"https:\/\/www.anthill.com.pl\/wp-content\/uploads\/2023\/10\/Sonosfera_plakat-1086x1536.jpg 1086w, https:\/\/www.anthill.com.pl\/wp-content\/uploads\/2023\/10\/Sonosfera_plakat-212x300.jpg 212w, https:\/\/www.anthill.com.pl\/wp-content\/uploads\/2023\/10\/Sonosfera_plakat-283x400.jpg 283w, https:\/\/www.anthill.com.pl\/wp-content\/uploads\/2023\/10\/Sonosfera_plakat-768x1086.jpg 768w, https:\/\/www.anthill.com.pl\/wp-content\/uploads\/2023\/10\/Sonosfera_plakat-1448x2048.jpg 1448w\" sizes=\"auto, (max-width: 1086px) 100vw, 1086px\" \/>\t\t\t\t\t\t\t\t\t\t\t\t\t\t<\/div>\n\t\t\t\t\t\t<\/div>\n\t\t\t\t<\/div>\n\t\t\t\t\t\t<\/div>\n\t\t\t\t\t<\/div>\n\t\t<\/div>\n\t\t\t\t\t\t\t\t<\/div>\n\t\t\t\t\t<\/div>\n\t\t<\/section>\n\t\t\t\t<section class=\"elementor-section elementor-top-section elementor-element elementor-element-33a69ab elementor-section-boxed elementor-section-height-default elementor-section-height-default\" data-id=\"33a69ab\" data-element_type=\"section\">\n\t\t\t\t\t\t<div class=\"elementor-container elementor-column-gap-default\">\n\t\t\t\t\t\t\t<div class=\"elementor-row\">\n\t\t\t\t\t<div class=\"elementor-column elementor-col-100 elementor-top-column elementor-element elementor-element-be1c33a\" data-id=\"be1c33a\" data-element_type=\"column\">\n\t\t\t<div class=\"elementor-column-wrap elementor-element-populated\">\n\t\t\t\t\t\t\t<div class=\"elementor-widget-wrap\">\n\t\t\t\t\t\t<div class=\"elementor-element elementor-element-e5b7e5b elementor-align-center elementor-invisible elementor-widget elementor-widget-button\" data-id=\"e5b7e5b\" data-element_type=\"widget\" data-settings=\"{&quot;_animation&quot;:&quot;fadeInDown&quot;}\" data-widget_type=\"button.default\">\n\t\t\t\t<div class=\"elementor-widget-container\">\n\t\t\t\t\t<div class=\"elementor-button-wrapper\">\n\t\t\t<a href=\"https:\/\/www.szybkiplik.pl\/ay33nZBeFd\" class=\"elementor-button-link elementor-button elementor-size-xl\" role=\"button\">\n\t\t\t\t\t\t<span class=\"elementor-button-content-wrapper\">\n\t\t\t\t\t\t<span class=\"elementor-button-icon elementor-align-icon-left\">\n\t\t\t\t<i aria-hidden=\"true\" class=\"far fa-play-circle\"><\/i>\t\t\t<\/span>\n\t\t\t\t\t\t<span class=\"elementor-button-text\">Ods\u0142uchaj Sonosfer\u0119 bezp\u0142atnie tutaj<\/span>\n\t\t<\/span>\n\t\t\t\t\t<\/a>\n\t\t<\/div>\n\t\t\t\t<\/div>\n\t\t\t\t<\/div>\n\t\t\t\t\t\t<\/div>\n\t\t\t\t\t<\/div>\n\t\t<\/div>\n\t\t\t\t\t\t\t\t<\/div>\n\t\t\t\t\t<\/div>\n\t\t<\/section>\n\t\t\t\t<section class=\"elementor-section elementor-top-section elementor-element elementor-element-8b4b9c9 elementor-section-boxed elementor-section-height-default elementor-section-height-default\" data-id=\"8b4b9c9\" data-element_type=\"section\">\n\t\t\t\t\t\t<div class=\"elementor-container elementor-column-gap-default\">\n\t\t\t\t\t\t\t<div class=\"elementor-row\">\n\t\t\t\t\t<div class=\"elementor-column elementor-col-100 elementor-top-column elementor-element elementor-element-268ac11\" data-id=\"268ac11\" data-element_type=\"column\">\n\t\t\t<div class=\"elementor-column-wrap elementor-element-populated\">\n\t\t\t\t\t\t\t<div class=\"elementor-widget-wrap\">\n\t\t\t\t\t\t<div class=\"elementor-element elementor-element-78574da elementor-widget-divider--view-line elementor-widget elementor-widget-divider\" data-id=\"78574da\" data-element_type=\"widget\" data-widget_type=\"divider.default\">\n\t\t\t\t<div class=\"elementor-widget-container\">\n\t\t\t\t\t<div class=\"elementor-divider\">\n\t\t\t<span class=\"elementor-divider-separator\">\n\t\t\t\t\t\t<\/span>\n\t\t<\/div>\n\t\t\t\t<\/div>\n\t\t\t\t<\/div>\n\t\t\t\t\t\t<\/div>\n\t\t\t\t\t<\/div>\n\t\t<\/div>\n\t\t\t\t\t\t\t\t<\/div>\n\t\t\t\t\t<\/div>\n\t\t<\/section>\n\t\t\t\t<section class=\"elementor-section elementor-top-section elementor-element elementor-element-6ea64fb elementor-section-boxed elementor-section-height-default elementor-section-height-default\" data-id=\"6ea64fb\" data-element_type=\"section\">\n\t\t\t\t\t\t<div class=\"elementor-container elementor-column-gap-default\">\n\t\t\t\t\t\t\t<div class=\"elementor-row\">\n\t\t\t\t\t<div class=\"elementor-column elementor-col-100 elementor-top-column elementor-element elementor-element-82a3e89\" data-id=\"82a3e89\" data-element_type=\"column\">\n\t\t\t<div class=\"elementor-column-wrap elementor-element-populated\">\n\t\t\t\t\t\t\t<div class=\"elementor-widget-wrap\">\n\t\t\t\t\t\t<div class=\"elementor-element elementor-element-227a748 elementor-invisible elementor-widget elementor-widget-text-editor\" data-id=\"227a748\" data-element_type=\"widget\" data-settings=\"{&quot;_animation&quot;:&quot;fadeInDown&quot;}\" data-widget_type=\"text-editor.default\">\n\t\t\t\t<div class=\"elementor-widget-container\">\n\t\t\t\t\t\t\t\t<div class=\"elementor-text-editor elementor-clearfix\">\n\t\t\t\t<p>Organizator: Archidiecezja Lubelska<\/p>\n<p>MINISTERSTWO KULTURY I DZIEDZICTWA NARODOWEGO<br \/>Partnerzy: Katolicki Uniwersytet Lubelski, Anthill<br \/>Patronat medialny: TVP3 Lublin, Radio Lublin, Radio Plus, Go\u015b\u0107 Niedzielny Lubelski, Niedziela Lubelska, Lubelski.pl\u00a0\u00a0\u00a0\u00a0\u00a0\u00a0\u00a0\u00a0<\/p>\n<p>\u00a0<\/p>\n<p>Dofinansowano ze \u015brodk\u00f3w Ministra Kultury i Dziedzictwa Narodowego pochodz\u0105cych z Funduszu Promocji Kultury.<\/p>\t\t\t\t\t<\/div>\n\t\t\t\t\t\t<\/div>\n\t\t\t\t<\/div>\n\t\t\t\t\t\t<\/div>\n\t\t\t\t\t<\/div>\n\t\t<\/div>\n\t\t\t\t\t\t\t\t<\/div>\n\t\t\t\t\t<\/div>\n\t\t<\/section>\n\t\t\t\t<section class=\"elementor-section elementor-top-section elementor-element elementor-element-94dff51 elementor-section-boxed elementor-section-height-default elementor-section-height-default\" data-id=\"94dff51\" data-element_type=\"section\">\n\t\t\t\t\t\t<div class=\"elementor-container elementor-column-gap-default\">\n\t\t\t\t\t\t\t<div class=\"elementor-row\">\n\t\t\t\t\t<div class=\"elementor-column elementor-col-100 elementor-top-column elementor-element elementor-element-321e23b\" data-id=\"321e23b\" data-element_type=\"column\">\n\t\t\t<div class=\"elementor-column-wrap elementor-element-populated\">\n\t\t\t\t\t\t\t<div class=\"elementor-widget-wrap\">\n\t\t\t\t\t\t<div class=\"elementor-element elementor-element-9020615 elementor-invisible elementor-widget elementor-widget-image\" data-id=\"9020615\" data-element_type=\"widget\" data-settings=\"{&quot;_animation&quot;:&quot;fadeInDown&quot;}\" data-widget_type=\"image.default\">\n\t\t\t\t<div class=\"elementor-widget-container\">\n\t\t\t\t\t\t\t\t<div class=\"elementor-image\">\n\t\t\t\t\t\t\t\t\t\t\t\t<img loading=\"lazy\" decoding=\"async\" width=\"938\" height=\"264\" src=\"https:\/\/www.anthill.com.pl\/wp-content\/uploads\/2023\/05\/01_znak_podstawowy_kolor_biale_tlo-938x264.png\" class=\"attachment-large size-large\" alt=\"\" srcset=\"https:\/\/www.anthill.com.pl\/wp-content\/uploads\/2023\/05\/01_znak_podstawowy_kolor_biale_tlo-938x264.png 938w, https:\/\/www.anthill.com.pl\/wp-content\/uploads\/2023\/05\/01_znak_podstawowy_kolor_biale_tlo-1067x300.png 1067w, https:\/\/www.anthill.com.pl\/wp-content\/uploads\/2023\/05\/01_znak_podstawowy_kolor_biale_tlo-768x216.png 768w, https:\/\/www.anthill.com.pl\/wp-content\/uploads\/2023\/05\/01_znak_podstawowy_kolor_biale_tlo.png 1536w\" sizes=\"auto, (max-width: 938px) 100vw, 938px\" \/>\t\t\t\t\t\t\t\t\t\t\t\t\t\t<\/div>\n\t\t\t\t\t\t<\/div>\n\t\t\t\t<\/div>\n\t\t\t\t\t\t<\/div>\n\t\t\t\t\t<\/div>\n\t\t<\/div>\n\t\t\t\t\t\t\t\t<\/div>\n\t\t\t\t\t<\/div>\n\t\t<\/section>\n\t\t\t\t\t\t<\/div>\n\t\t\t\t\t\t<\/div>\n\t\t\t\t\t<\/div>\n\t\t","protected":false},"excerpt":{"rendered":"<p>vol. 3 Archidiecezja Lubelska zaprasza na III edycj\u0119 Sonosfery Lubelskiej. III edycja Sonosfery Lubelskiej to koncertowe nagranie kompozycji Marty Grzywacz, Sebastiana Maca i Marcina Sudzi\u0144skiego w realizacji nagraniowej Rafa\u0142a Smoli\u0144skiego. 45. minutowy utw\u00f3r na g\u0142os kobiecy, elektronik\u0119, flety pasterskie, harmonium i gitar\u0119 elektryczn\u0105 powsta\u0142 w oparciu o wybrane aspekty sztuki i my\u015bli Jerzego Nowosielskiego. Powstanie [&hellip;]<\/p>\n","protected":false},"author":2,"featured_media":6097,"comment_status":"open","ping_status":"open","sticky":false,"template":"","format":"standard","meta":{"_themeisle_gutenberg_block_has_review":false,"footnotes":""},"categories":[1],"tags":[],"class_list":["post-6091","post","type-post","status-publish","format-standard","has-post-thumbnail","hentry","category-bez-kategorii","clearfix"],"_links":{"self":[{"href":"https:\/\/www.anthill.com.pl\/index.php?rest_route=\/wp\/v2\/posts\/6091","targetHints":{"allow":["GET"]}}],"collection":[{"href":"https:\/\/www.anthill.com.pl\/index.php?rest_route=\/wp\/v2\/posts"}],"about":[{"href":"https:\/\/www.anthill.com.pl\/index.php?rest_route=\/wp\/v2\/types\/post"}],"author":[{"embeddable":true,"href":"https:\/\/www.anthill.com.pl\/index.php?rest_route=\/wp\/v2\/users\/2"}],"replies":[{"embeddable":true,"href":"https:\/\/www.anthill.com.pl\/index.php?rest_route=%2Fwp%2Fv2%2Fcomments&post=6091"}],"version-history":[{"count":11,"href":"https:\/\/www.anthill.com.pl\/index.php?rest_route=\/wp\/v2\/posts\/6091\/revisions"}],"predecessor-version":[{"id":6763,"href":"https:\/\/www.anthill.com.pl\/index.php?rest_route=\/wp\/v2\/posts\/6091\/revisions\/6763"}],"wp:featuredmedia":[{"embeddable":true,"href":"https:\/\/www.anthill.com.pl\/index.php?rest_route=\/wp\/v2\/media\/6097"}],"wp:attachment":[{"href":"https:\/\/www.anthill.com.pl\/index.php?rest_route=%2Fwp%2Fv2%2Fmedia&parent=6091"}],"wp:term":[{"taxonomy":"category","embeddable":true,"href":"https:\/\/www.anthill.com.pl\/index.php?rest_route=%2Fwp%2Fv2%2Fcategories&post=6091"},{"taxonomy":"post_tag","embeddable":true,"href":"https:\/\/www.anthill.com.pl\/index.php?rest_route=%2Fwp%2Fv2%2Ftags&post=6091"}],"curies":[{"name":"wp","href":"https:\/\/api.w.org\/{rel}","templated":true}]}}