{"id":6961,"date":"2024-05-20T14:12:23","date_gmt":"2024-05-20T12:12:23","guid":{"rendered":"https:\/\/www.anthill.com.pl\/?p=6961"},"modified":"2024-05-20T14:19:18","modified_gmt":"2024-05-20T12:19:18","slug":"weekend-z-florystyka-2","status":"publish","type":"post","link":"https:\/\/www.anthill.com.pl\/?p=6961","title":{"rendered":"Weekend z florystyk\u0105"},"content":{"rendered":"\t\t<div data-elementor-type=\"wp-post\" data-elementor-id=\"6961\" class=\"elementor elementor-6961\" data-elementor-settings=\"[]\">\n\t\t\t\t\t\t<div class=\"elementor-inner\">\n\t\t\t\t\t\t\t<div class=\"elementor-section-wrap\">\n\t\t\t\t\t\t\t<section class=\"elementor-section elementor-top-section elementor-element elementor-element-14ddcc3a elementor-section-boxed elementor-section-height-default elementor-section-height-default\" data-id=\"14ddcc3a\" data-element_type=\"section\">\n\t\t\t\t\t\t<div class=\"elementor-container elementor-column-gap-default\">\n\t\t\t\t\t\t\t<div class=\"elementor-row\">\n\t\t\t\t\t<div class=\"elementor-column elementor-col-100 elementor-top-column elementor-element elementor-element-37c0c4b2\" data-id=\"37c0c4b2\" data-element_type=\"column\">\n\t\t\t<div class=\"elementor-column-wrap elementor-element-populated\">\n\t\t\t\t\t\t\t<div class=\"elementor-widget-wrap\">\n\t\t\t\t\t\t<div class=\"elementor-element elementor-element-457e6bc1 elementor-widget elementor-widget-text-editor\" data-id=\"457e6bc1\" data-element_type=\"widget\" data-widget_type=\"text-editor.default\">\n\t\t\t\t<div class=\"elementor-widget-container\">\n\t\t\t\t\t\t\t\t<div class=\"elementor-text-editor elementor-clearfix\">\n\t\t\t\t<!-- wp:paragraph -->\n<p>Bio Forma<\/p>\n<!-- \/wp:paragraph -->\t\t\t\t\t<\/div>\n\t\t\t\t\t\t<\/div>\n\t\t\t\t<\/div>\n\t\t\t\t\t\t<\/div>\n\t\t\t\t\t<\/div>\n\t\t<\/div>\n\t\t\t\t\t\t\t\t<\/div>\n\t\t\t\t\t<\/div>\n\t\t<\/section>\n\t\t\t\t<section class=\"elementor-section elementor-top-section elementor-element elementor-element-b507a64 elementor-section-boxed elementor-section-height-default elementor-section-height-default\" data-id=\"b507a64\" data-element_type=\"section\">\n\t\t\t\t\t\t<div class=\"elementor-container elementor-column-gap-default\">\n\t\t\t\t\t\t\t<div class=\"elementor-row\">\n\t\t\t\t\t<div class=\"elementor-column elementor-col-50 elementor-top-column elementor-element elementor-element-531e6ca\" data-id=\"531e6ca\" data-element_type=\"column\">\n\t\t\t<div class=\"elementor-column-wrap elementor-element-populated\">\n\t\t\t\t\t\t\t<div class=\"elementor-widget-wrap\">\n\t\t\t\t\t\t<div class=\"elementor-element elementor-element-6130780 elementor-invisible elementor-widget elementor-widget-text-editor\" data-id=\"6130780\" data-element_type=\"widget\" data-settings=\"{&quot;_animation&quot;:&quot;fadeInDown&quot;}\" data-widget_type=\"text-editor.default\">\n\t\t\t\t<div class=\"elementor-widget-container\">\n\t\t\t\t\t\t\t\t<div class=\"elementor-text-editor elementor-clearfix\">\n\t\t\t\t<p><u>WEEKEND Z FLORYSTYK\u0104 edycja 6 &#8211; 25-26.05.2024 &#8211; Centrum Spotkania Kultur<\/u><\/p>\n<p>Sz\u00f3sta edycja Weekendu z Florystyk\u0105 odb\u0119dzie si\u0119 na placu Teatralnym przed gmachem CSK oraz wewn\u0105trz budynku, na Poziomie +1 we Foyer Sali Operowej.<\/p>\n<p>Festiwal tworzony jest przez&nbsp; Szko\u0142\u0119 Policealn\u0105 Pracownik\u00f3w S\u0142u\u017cb Spo\u0142ecznych, Architektur\u0119 Krajobrazu KUL oraz Centrum Spotkania Kultur w Lublinie.<\/p>\n<p>Partnerem wydarzenia jest Stowarzyszenie Anthill, Stowarzyszenie Floryst\u00f3w Polskich i Market OBI. Wydarzenie odbywa si\u0119 pod patronatem Marsza\u0142ka Wojew\u00f3dztwa Lubelskiego.<\/p><p>Celem Weekendu z Florystyk\u0105 jest popularyzacja wiedzy z zakresu przyrodoznawstwa, rzemios\u0142a i sztuk wizualnych. Wydarzenie skierowane jest zar\u00f3wno do zawodowc\u00f3w, jak i amator\u00f3w zainteresowanych technikami uk\u0142adania kwiat\u00f3w i aran\u017cacj\u0105 przestrzeni.<\/p><p>Has\u0142o przewodnie tegorocznej edycji to BIO-FORMA, odnosz\u0105ce si\u0119 do po\u0142\u0105czenia natury ze sztuk\u0105. Jak zawsze wydarzeniu towarzyszy\u0107 b\u0119d\u0105 tre\u015bci zakresu nurtu zero waste i upcyklingu czyli promowanie idei zwi\u0105zanych z ponownym wykorzystaniem element\u00f3w odpadowych i nadawaniem im nowej warto\u015bci. Pomys\u0142odawc\u0105 i koordynatorem wydarzenia jest Pawe\u0142 Adamiec.<\/p><p><br><\/p>\n<p><br><\/p>\t\t\t\t\t<\/div>\n\t\t\t\t\t\t<\/div>\n\t\t\t\t<\/div>\n\t\t\t\t\t\t<\/div>\n\t\t\t\t\t<\/div>\n\t\t<\/div>\n\t\t\t\t<div class=\"elementor-column elementor-col-50 elementor-top-column elementor-element elementor-element-92b848e\" data-id=\"92b848e\" data-element_type=\"column\">\n\t\t\t<div class=\"elementor-column-wrap elementor-element-populated\">\n\t\t\t\t\t\t\t<div class=\"elementor-widget-wrap\">\n\t\t\t\t\t\t<div class=\"elementor-element elementor-element-512a030 elementor-invisible elementor-widget elementor-widget-image\" data-id=\"512a030\" data-element_type=\"widget\" data-settings=\"{&quot;_animation&quot;:&quot;fadeInDown&quot;}\" data-widget_type=\"image.default\">\n\t\t\t\t<div class=\"elementor-widget-container\">\n\t\t\t\t\t\t\t\t<div class=\"elementor-image\">\n\t\t\t\t\t\t\t\t\t\t\t\t<img loading=\"lazy\" decoding=\"async\" width=\"842\" height=\"1191\" src=\"https:\/\/www.anthill.com.pl\/wp-content\/uploads\/2024\/05\/Weekend-z-florystyka_2024_.png\" class=\"attachment-1536x1536 size-1536x1536\" alt=\"\" srcset=\"https:\/\/www.anthill.com.pl\/wp-content\/uploads\/2024\/05\/Weekend-z-florystyka_2024_.png 842w, https:\/\/www.anthill.com.pl\/wp-content\/uploads\/2024\/05\/Weekend-z-florystyka_2024_-212x300.png 212w, https:\/\/www.anthill.com.pl\/wp-content\/uploads\/2024\/05\/Weekend-z-florystyka_2024_-283x400.png 283w, https:\/\/www.anthill.com.pl\/wp-content\/uploads\/2024\/05\/Weekend-z-florystyka_2024_-768x1086.png 768w\" sizes=\"auto, (max-width: 842px) 100vw, 842px\" \/>\t\t\t\t\t\t\t\t\t\t\t\t\t\t<\/div>\n\t\t\t\t\t\t<\/div>\n\t\t\t\t<\/div>\n\t\t\t\t\t\t<\/div>\n\t\t\t\t\t<\/div>\n\t\t<\/div>\n\t\t\t\t\t\t\t\t<\/div>\n\t\t\t\t\t<\/div>\n\t\t<\/section>\n\t\t\t\t<section class=\"elementor-section elementor-top-section elementor-element elementor-element-c51a853 elementor-section-boxed elementor-section-height-default elementor-section-height-default\" data-id=\"c51a853\" data-element_type=\"section\">\n\t\t\t\t\t\t<div class=\"elementor-container elementor-column-gap-default\">\n\t\t\t\t\t\t\t<div class=\"elementor-row\">\n\t\t\t\t\t<div class=\"elementor-column elementor-col-100 elementor-top-column elementor-element elementor-element-f4b7193\" data-id=\"f4b7193\" data-element_type=\"column\">\n\t\t\t<div class=\"elementor-column-wrap elementor-element-populated\">\n\t\t\t\t\t\t\t<div class=\"elementor-widget-wrap\">\n\t\t\t\t\t\t<div class=\"elementor-element elementor-element-4c620cb elementor-align-center elementor-widget elementor-widget-button\" data-id=\"4c620cb\" data-element_type=\"widget\" data-widget_type=\"button.default\">\n\t\t\t\t<div class=\"elementor-widget-container\">\n\t\t\t\t\t<div class=\"elementor-button-wrapper\">\n\t\t\t<a href=\"https:\/\/www.facebook.com\/events\/988546255971036%20\" class=\"elementor-button-link elementor-button elementor-size-xl\" role=\"button\">\n\t\t\t\t\t\t<span class=\"elementor-button-content-wrapper\">\n\t\t\t\t\t\t<span class=\"elementor-button-icon elementor-align-icon-left\">\n\t\t\t\t<i aria-hidden=\"true\" class=\"fab fa-facebook\"><\/i>\t\t\t<\/span>\n\t\t\t\t\t\t<span class=\"elementor-button-text\">We\u017a udzia\u0142 w wydarzeniu <\/span>\n\t\t<\/span>\n\t\t\t\t\t<\/a>\n\t\t<\/div>\n\t\t\t\t<\/div>\n\t\t\t\t<\/div>\n\t\t\t\t\t\t<\/div>\n\t\t\t\t\t<\/div>\n\t\t<\/div>\n\t\t\t\t\t\t\t\t<\/div>\n\t\t\t\t\t<\/div>\n\t\t<\/section>\n\t\t\t\t\t\t<\/div>\n\t\t\t\t\t\t<\/div>\n\t\t\t\t\t<\/div>\n\t\t","protected":false},"excerpt":{"rendered":"<p>Bio Forma WEEKEND Z FLORYSTYK\u0104 edycja 6 &#8211; 25-26.05.2024 &#8211; Centrum Spotkania Kultur Sz\u00f3sta edycja Weekendu z Florystyk\u0105 odb\u0119dzie si\u0119 na placu Teatralnym przed gmachem CSK oraz wewn\u0105trz budynku, na Poziomie +1 we Foyer Sali Operowej. Festiwal tworzony jest przez&nbsp; Szko\u0142\u0119 Policealn\u0105 Pracownik\u00f3w S\u0142u\u017cb Spo\u0142ecznych, Architektur\u0119 Krajobrazu KUL oraz Centrum Spotkania Kultur w Lublinie. Partnerem [&hellip;]<\/p>\n","protected":false},"author":2,"featured_media":6967,"comment_status":"open","ping_status":"open","sticky":false,"template":"","format":"standard","meta":{"_themeisle_gutenberg_block_has_review":false,"footnotes":""},"categories":[1],"tags":[],"class_list":["post-6961","post","type-post","status-publish","format-standard","has-post-thumbnail","hentry","category-bez-kategorii","clearfix"],"_links":{"self":[{"href":"https:\/\/www.anthill.com.pl\/index.php?rest_route=\/wp\/v2\/posts\/6961","targetHints":{"allow":["GET"]}}],"collection":[{"href":"https:\/\/www.anthill.com.pl\/index.php?rest_route=\/wp\/v2\/posts"}],"about":[{"href":"https:\/\/www.anthill.com.pl\/index.php?rest_route=\/wp\/v2\/types\/post"}],"author":[{"embeddable":true,"href":"https:\/\/www.anthill.com.pl\/index.php?rest_route=\/wp\/v2\/users\/2"}],"replies":[{"embeddable":true,"href":"https:\/\/www.anthill.com.pl\/index.php?rest_route=%2Fwp%2Fv2%2Fcomments&post=6961"}],"version-history":[{"count":5,"href":"https:\/\/www.anthill.com.pl\/index.php?rest_route=\/wp\/v2\/posts\/6961\/revisions"}],"predecessor-version":[{"id":6968,"href":"https:\/\/www.anthill.com.pl\/index.php?rest_route=\/wp\/v2\/posts\/6961\/revisions\/6968"}],"wp:featuredmedia":[{"embeddable":true,"href":"https:\/\/www.anthill.com.pl\/index.php?rest_route=\/wp\/v2\/media\/6967"}],"wp:attachment":[{"href":"https:\/\/www.anthill.com.pl\/index.php?rest_route=%2Fwp%2Fv2%2Fmedia&parent=6961"}],"wp:term":[{"taxonomy":"category","embeddable":true,"href":"https:\/\/www.anthill.com.pl\/index.php?rest_route=%2Fwp%2Fv2%2Fcategories&post=6961"},{"taxonomy":"post_tag","embeddable":true,"href":"https:\/\/www.anthill.com.pl\/index.php?rest_route=%2Fwp%2Fv2%2Ftags&post=6961"}],"curies":[{"name":"wp","href":"https:\/\/api.w.org\/{rel}","templated":true}]}}