{"id":7912,"date":"2025-02-05T08:05:38","date_gmt":"2025-02-05T07:05:38","guid":{"rendered":"https:\/\/www.anthill.com.pl\/?p=7912"},"modified":"2025-02-05T08:25:21","modified_gmt":"2025-02-05T07:25:21","slug":"iluminacje-miasta","status":"publish","type":"post","link":"https:\/\/www.anthill.com.pl\/?p=7912","title":{"rendered":"Iluminacje Miasta"},"content":{"rendered":"\t\t<div data-elementor-type=\"wp-post\" data-elementor-id=\"7912\" class=\"elementor elementor-7912\" data-elementor-settings=\"[]\">\n\t\t\t\t\t\t<div class=\"elementor-inner\">\n\t\t\t\t\t\t\t<div class=\"elementor-section-wrap\">\n\t\t\t\t\t\t\t<section class=\"elementor-section elementor-top-section elementor-element elementor-element-6c1fe84d elementor-section-boxed elementor-section-height-default elementor-section-height-default\" data-id=\"6c1fe84d\" data-element_type=\"section\">\n\t\t\t\t\t\t<div class=\"elementor-container elementor-column-gap-default\">\n\t\t\t\t\t\t\t<div class=\"elementor-row\">\n\t\t\t\t\t<div class=\"elementor-column elementor-col-100 elementor-top-column elementor-element elementor-element-2554b10c\" data-id=\"2554b10c\" data-element_type=\"column\">\n\t\t\t<div class=\"elementor-column-wrap elementor-element-populated\">\n\t\t\t\t\t\t\t<div class=\"elementor-widget-wrap\">\n\t\t\t\t\t\t<div class=\"elementor-element elementor-element-3623fd0a elementor-widget elementor-widget-text-editor\" data-id=\"3623fd0a\" data-element_type=\"widget\" data-widget_type=\"text-editor.default\">\n\t\t\t\t<div class=\"elementor-widget-container\">\n\t\t\t\t\t\t\t\t<div class=\"elementor-text-editor elementor-clearfix\">\n\t\t\t\t<!-- wp:paragraph -->\n<p>Mapping Historyczny<\/p>\n<!-- \/wp:paragraph -->\t\t\t\t\t<\/div>\n\t\t\t\t\t\t<\/div>\n\t\t\t\t<\/div>\n\t\t\t\t\t\t<\/div>\n\t\t\t\t\t<\/div>\n\t\t<\/div>\n\t\t\t\t\t\t\t\t<\/div>\n\t\t\t\t\t<\/div>\n\t\t<\/section>\n\t\t\t\t<section class=\"elementor-section elementor-top-section elementor-element elementor-element-4083ca6 elementor-section-boxed elementor-section-height-default elementor-section-height-default\" data-id=\"4083ca6\" data-element_type=\"section\">\n\t\t\t\t\t\t<div class=\"elementor-container elementor-column-gap-default\">\n\t\t\t\t\t\t\t<div class=\"elementor-row\">\n\t\t\t\t\t<div class=\"elementor-column elementor-col-100 elementor-top-column elementor-element elementor-element-73d19a7\" data-id=\"73d19a7\" data-element_type=\"column\">\n\t\t\t<div class=\"elementor-column-wrap elementor-element-populated\">\n\t\t\t\t\t\t\t<div class=\"elementor-widget-wrap\">\n\t\t\t\t\t\t<div class=\"elementor-element elementor-element-36a5e72 elementor-invisible elementor-widget elementor-widget-text-editor\" data-id=\"36a5e72\" data-element_type=\"widget\" data-settings=\"{&quot;_animation&quot;:&quot;fadeInDown&quot;}\" data-widget_type=\"text-editor.default\">\n\t\t\t\t<div class=\"elementor-widget-container\">\n\t\t\t\t\t\t\t\t<div class=\"elementor-text-editor elementor-clearfix\">\n\t\t\t\t<p>Lublin szykuje si\u0119 na trzy wyj\u0105tkowe lata pe\u0142ne \u015bwiat\u0142a, historii i wsp\u00f3lnego tworzenia! Projekt \u201eIluminacje Miasta\u201d to niepowtarzalna okazja dla mieszka\u0144c\u00f3w, aby w\u0142\u0105czy\u0107 si\u0119 w powstanie trzech widowiskowych mapping\u00f3w 3D, kt\u00f3re roz\u015bwietl\u0105 fasady najbardziej rozpoznawalnych zabytk\u00f3w miasta: Wie\u017cy Trynitarskiej, Ratusza, Zamku Lubelskiego i Trybuna\u0142u Koronnego.<\/p>\n<p>Przez trzy lata uczestnicy w r\u00f3\u017cnym wieku \u2013 od m\u0142odzie\u017cy po doros\u0142ych \u2013 b\u0119d\u0105 wsp\u00f3lnie pracowa\u0107 nad stworzeniem trzech unikalnych animacji. Podczas warsztat\u00f3w pod okiem ekspert\u00f3w zajm\u0105 si\u0119 wszystkim: od pisania scenariusza i projektowania grafiki, przez komponowanie muzyki, a\u017c po przygotowanie tekst\u00f3w narracyjnych. Nie trzeba by\u0107 specjalist\u0105 \u2013 wystarcz\u0105 ch\u0119ci, bo to w\u0142a\u015bnie mieszka\u0144cy, wspierani przez profesjonalist\u00f3w, nadadz\u0105 temu projektowi wyj\u0105tkowy, lokalny charakter.<\/p>\t\t\t\t\t<\/div>\n\t\t\t\t\t\t<\/div>\n\t\t\t\t<\/div>\n\t\t\t\t\t\t<\/div>\n\t\t\t\t\t<\/div>\n\t\t<\/div>\n\t\t\t\t\t\t\t\t<\/div>\n\t\t\t\t\t<\/div>\n\t\t<\/section>\n\t\t\t\t<section class=\"elementor-section elementor-top-section elementor-element elementor-element-fdb1d36 elementor-section-boxed elementor-section-height-default elementor-section-height-default\" data-id=\"fdb1d36\" data-element_type=\"section\">\n\t\t\t\t\t\t<div class=\"elementor-container elementor-column-gap-default\">\n\t\t\t\t\t\t\t<div class=\"elementor-row\">\n\t\t\t\t\t<div class=\"elementor-column elementor-col-100 elementor-top-column elementor-element elementor-element-3856d3e\" data-id=\"3856d3e\" data-element_type=\"column\">\n\t\t\t<div class=\"elementor-column-wrap\">\n\t\t\t\t\t\t\t<div class=\"elementor-widget-wrap\">\n\t\t\t\t\t\t\t\t<\/div>\n\t\t\t\t\t<\/div>\n\t\t<\/div>\n\t\t\t\t\t\t\t\t<\/div>\n\t\t\t\t\t<\/div>\n\t\t<\/section>\n\t\t\t\t<section class=\"elementor-section elementor-top-section elementor-element elementor-element-bf94936 elementor-section-boxed elementor-section-height-default elementor-section-height-default\" data-id=\"bf94936\" data-element_type=\"section\">\n\t\t\t\t\t\t<div class=\"elementor-container elementor-column-gap-default\">\n\t\t\t\t\t\t\t<div class=\"elementor-row\">\n\t\t\t\t\t<div class=\"elementor-column elementor-col-100 elementor-top-column elementor-element elementor-element-4b7d533\" data-id=\"4b7d533\" data-element_type=\"column\">\n\t\t\t<div class=\"elementor-column-wrap elementor-element-populated\">\n\t\t\t\t\t\t\t<div class=\"elementor-widget-wrap\">\n\t\t\t\t\t\t<div class=\"elementor-element elementor-element-21bb805 elementor-invisible elementor-widget elementor-widget-image\" data-id=\"21bb805\" data-element_type=\"widget\" data-settings=\"{&quot;_animation&quot;:&quot;fadeInDown&quot;}\" data-widget_type=\"image.default\">\n\t\t\t\t<div class=\"elementor-widget-container\">\n\t\t\t\t\t\t\t\t<div class=\"elementor-image\">\n\t\t\t\t\t\t\t\t\t\t\t\t<img loading=\"lazy\" decoding=\"async\" width=\"1086\" height=\"1536\" src=\"https:\/\/www.anthill.com.pl\/wp-content\/uploads\/2025\/02\/iluminacje-miasta-A3-1086x1536.jpg\" class=\"attachment-1536x1536 size-1536x1536\" alt=\"\" srcset=\"https:\/\/www.anthill.com.pl\/wp-content\/uploads\/2025\/02\/iluminacje-miasta-A3-1086x1536.jpg 1086w, https:\/\/www.anthill.com.pl\/wp-content\/uploads\/2025\/02\/iluminacje-miasta-A3-212x300.jpg 212w, https:\/\/www.anthill.com.pl\/wp-content\/uploads\/2025\/02\/iluminacje-miasta-A3-283x400.jpg 283w, https:\/\/www.anthill.com.pl\/wp-content\/uploads\/2025\/02\/iluminacje-miasta-A3-768x1086.jpg 768w, https:\/\/www.anthill.com.pl\/wp-content\/uploads\/2025\/02\/iluminacje-miasta-A3-1448x2048.jpg 1448w, https:\/\/www.anthill.com.pl\/wp-content\/uploads\/2025\/02\/iluminacje-miasta-A3.jpg 1945w\" sizes=\"auto, (max-width: 1086px) 100vw, 1086px\" \/>\t\t\t\t\t\t\t\t\t\t\t\t\t\t<\/div>\n\t\t\t\t\t\t<\/div>\n\t\t\t\t<\/div>\n\t\t\t\t<div class=\"elementor-element elementor-element-afefde6 elementor-invisible elementor-widget elementor-widget-text-editor\" data-id=\"afefde6\" data-element_type=\"widget\" data-settings=\"{&quot;_animation&quot;:&quot;fadeInDown&quot;}\" data-widget_type=\"text-editor.default\">\n\t\t\t\t<div class=\"elementor-widget-container\">\n\t\t\t\t\t\t\t\t<div class=\"elementor-text-editor elementor-clearfix\">\n\t\t\t\t<p>Pierwsza projekcja, planowana od <strong>14-15 grudnia 2024 roku<\/strong>, <strong>w godzinach od 17.00 \u2013 21.00,<\/strong> zabierze nas w podr\u00f3\u017c do przesz\u0142o\u015bci, ukazuj\u0105c histori\u0119. W 2025 roku na fasadach zabytk\u00f3w pojawi\u0105 si\u0119 obrazy przedstawiaj\u0105ce wielokulturowo\u015b\u0107 miasta, przypominaj\u0105ce, jak wa\u017cnym miejscem na mapie spotka\u0144 kultur i religii jest Lublin. Zwie\u0144czeniem projektu w 2026 roku b\u0119dzie mapping pokazuj\u0105cy wsp\u00f3\u0142czesne i dynamiczne oblicze miasta \u2013 Lublin jako nowoczesne, rozwijaj\u0105ce si\u0119 centrum innowacji i kultury.<\/p>\n<p>\u201eIluminacje Miasta\u201d to co\u015b wi\u0119cej ni\u017c pokazy mappingowe \u2013 to wsp\u00f3lne tworzenie, integracja i mo\u017cliwo\u015b\u0107 odkrycia swojego potencja\u0142u artystycznego. Wszystkie wydarzenia b\u0119d\u0105 otwarte <br \/>i bezp\u0142atne dla mieszka\u0144c\u00f3w i go\u015bci, daj\u0105c wszystkim szans\u0119 uczestniczenia w tym niezwyk\u0142ym widowisku.<\/p>\t\t\t\t\t<\/div>\n\t\t\t\t\t\t<\/div>\n\t\t\t\t<\/div>\n\t\t\t\t\t\t<\/div>\n\t\t\t\t\t<\/div>\n\t\t<\/div>\n\t\t\t\t\t\t\t\t<\/div>\n\t\t\t\t\t<\/div>\n\t\t<\/section>\n\t\t\t\t<section class=\"elementor-section elementor-top-section elementor-element elementor-element-c529167 elementor-section-boxed elementor-section-height-default elementor-section-height-default\" data-id=\"c529167\" data-element_type=\"section\">\n\t\t\t\t\t\t<div class=\"elementor-container elementor-column-gap-default\">\n\t\t\t\t\t\t\t<div class=\"elementor-row\">\n\t\t\t\t\t<div class=\"elementor-column elementor-col-100 elementor-top-column elementor-element elementor-element-8799eba\" data-id=\"8799eba\" data-element_type=\"column\">\n\t\t\t<div class=\"elementor-column-wrap elementor-element-populated\">\n\t\t\t\t\t\t\t<div class=\"elementor-widget-wrap\">\n\t\t\t\t\t\t<div class=\"elementor-element elementor-element-cfa5997 elementor-widget elementor-widget-spacer\" data-id=\"cfa5997\" data-element_type=\"widget\" data-widget_type=\"spacer.default\">\n\t\t\t\t<div class=\"elementor-widget-container\">\n\t\t\t\t\t<div class=\"elementor-spacer\">\n\t\t\t<div class=\"elementor-spacer-inner\"><\/div>\n\t\t<\/div>\n\t\t\t\t<\/div>\n\t\t\t\t<\/div>\n\t\t\t\t\t\t<\/div>\n\t\t\t\t\t<\/div>\n\t\t<\/div>\n\t\t\t\t\t\t\t\t<\/div>\n\t\t\t\t\t<\/div>\n\t\t<\/section>\n\t\t\t\t<section class=\"elementor-section elementor-top-section elementor-element elementor-element-b32aefb elementor-section-boxed elementor-section-height-default elementor-section-height-default\" data-id=\"b32aefb\" data-element_type=\"section\">\n\t\t\t\t\t\t<div class=\"elementor-container elementor-column-gap-default\">\n\t\t\t\t\t\t\t<div class=\"elementor-row\">\n\t\t\t\t\t<div class=\"elementor-column elementor-col-100 elementor-top-column elementor-element elementor-element-efd5e07\" data-id=\"efd5e07\" data-element_type=\"column\">\n\t\t\t<div class=\"elementor-column-wrap elementor-element-populated\">\n\t\t\t\t\t\t\t<div class=\"elementor-widget-wrap\">\n\t\t\t\t\t\t<div class=\"elementor-element elementor-element-6f1b7bc elementor-invisible elementor-widget elementor-widget-text-editor\" data-id=\"6f1b7bc\" data-element_type=\"widget\" data-settings=\"{&quot;_animation&quot;:&quot;fadeInDown&quot;}\" data-widget_type=\"text-editor.default\">\n\t\t\t\t<div class=\"elementor-widget-container\">\n\t\t\t\t\t\t\t\t<div class=\"elementor-text-editor elementor-clearfix\">\n\t\t\t\t<p>Organizator: Archidiecezja Lubelska<\/p>\n<p>Partnerzy: Miasto Lublin, Wydzia\u0142 Artystyczny UMCS w Lublinie, Lab.119, Anthill, Wie\u017ca Trynitarska w Lublinie<\/p>\n<p>Patronat medialny: TVP3 Lublin, Radio Plus, Spotted Lublin, Kurier Lubelski, Lubelski.pl, Go\u015b\u0107 Niedzielny Lubelski<\/p>\n<p>Zrealizowano dzi\u0119ki wsparciu Miasta Lublin<\/p>\t\t\t\t\t<\/div>\n\t\t\t\t\t\t<\/div>\n\t\t\t\t<\/div>\n\t\t\t\t\t\t<\/div>\n\t\t\t\t\t<\/div>\n\t\t<\/div>\n\t\t\t\t\t\t\t\t<\/div>\n\t\t\t\t\t<\/div>\n\t\t<\/section>\n\t\t\t\t<section class=\"elementor-section elementor-top-section elementor-element elementor-element-714dd2e elementor-section-boxed elementor-section-height-default elementor-section-height-default\" data-id=\"714dd2e\" data-element_type=\"section\">\n\t\t\t\t\t\t<div class=\"elementor-container elementor-column-gap-default\">\n\t\t\t\t\t\t\t<div class=\"elementor-row\">\n\t\t\t\t\t<div class=\"elementor-column elementor-col-100 elementor-top-column elementor-element elementor-element-0032d43\" data-id=\"0032d43\" data-element_type=\"column\">\n\t\t\t<div class=\"elementor-column-wrap elementor-element-populated\">\n\t\t\t\t\t\t\t<div class=\"elementor-widget-wrap\">\n\t\t\t\t\t\t<div class=\"elementor-element elementor-element-670c664 elementor-invisible elementor-widget elementor-widget-image\" data-id=\"670c664\" data-element_type=\"widget\" data-settings=\"{&quot;_animation&quot;:&quot;fadeInDown&quot;}\" data-widget_type=\"image.default\">\n\t\t\t\t<div class=\"elementor-widget-container\">\n\t\t\t\t\t\t\t\t<div class=\"elementor-image\">\n\t\t\t\t\t\t\t\t\t\t\t\t<img loading=\"lazy\" decoding=\"async\" width=\"938\" height=\"241\" src=\"https:\/\/www.anthill.com.pl\/wp-content\/uploads\/2025\/02\/LOGO-Lublin-miasto-inspiracji-938x241.jpg\" class=\"attachment-large size-large\" alt=\"\" srcset=\"https:\/\/www.anthill.com.pl\/wp-content\/uploads\/2025\/02\/LOGO-Lublin-miasto-inspiracji-938x241.jpg 938w, https:\/\/www.anthill.com.pl\/wp-content\/uploads\/2025\/02\/LOGO-Lublin-miasto-inspiracji-1169x300.jpg 1169w, https:\/\/www.anthill.com.pl\/wp-content\/uploads\/2025\/02\/LOGO-Lublin-miasto-inspiracji-768x197.jpg 768w, https:\/\/www.anthill.com.pl\/wp-content\/uploads\/2025\/02\/LOGO-Lublin-miasto-inspiracji-1536x394.jpg 1536w, https:\/\/www.anthill.com.pl\/wp-content\/uploads\/2025\/02\/LOGO-Lublin-miasto-inspiracji-2048x526.jpg 2048w\" sizes=\"auto, (max-width: 938px) 100vw, 938px\" \/>\t\t\t\t\t\t\t\t\t\t\t\t\t\t<\/div>\n\t\t\t\t\t\t<\/div>\n\t\t\t\t<\/div>\n\t\t\t\t\t\t<\/div>\n\t\t\t\t\t<\/div>\n\t\t<\/div>\n\t\t\t\t\t\t\t\t<\/div>\n\t\t\t\t\t<\/div>\n\t\t<\/section>\n\t\t\t\t\t\t<\/div>\n\t\t\t\t\t\t<\/div>\n\t\t\t\t\t<\/div>\n\t\t","protected":false},"excerpt":{"rendered":"<p>Mapping Historyczny Lublin szykuje si\u0119 na trzy wyj\u0105tkowe lata pe\u0142ne \u015bwiat\u0142a, historii i wsp\u00f3lnego tworzenia! Projekt \u201eIluminacje Miasta\u201d to niepowtarzalna okazja dla mieszka\u0144c\u00f3w, aby w\u0142\u0105czy\u0107 si\u0119 w powstanie trzech widowiskowych mapping\u00f3w 3D, kt\u00f3re roz\u015bwietl\u0105 fasady najbardziej rozpoznawalnych zabytk\u00f3w miasta: Wie\u017cy Trynitarskiej, Ratusza, Zamku Lubelskiego i Trybuna\u0142u Koronnego. Przez trzy lata uczestnicy w r\u00f3\u017cnym wieku \u2013 [&hellip;]<\/p>\n","protected":false},"author":2,"featured_media":7921,"comment_status":"open","ping_status":"open","sticky":false,"template":"","format":"standard","meta":{"_themeisle_gutenberg_block_has_review":false,"footnotes":""},"categories":[1],"tags":[],"class_list":["post-7912","post","type-post","status-publish","format-standard","has-post-thumbnail","hentry","category-bez-kategorii","clearfix"],"_links":{"self":[{"href":"https:\/\/www.anthill.com.pl\/index.php?rest_route=\/wp\/v2\/posts\/7912","targetHints":{"allow":["GET"]}}],"collection":[{"href":"https:\/\/www.anthill.com.pl\/index.php?rest_route=\/wp\/v2\/posts"}],"about":[{"href":"https:\/\/www.anthill.com.pl\/index.php?rest_route=\/wp\/v2\/types\/post"}],"author":[{"embeddable":true,"href":"https:\/\/www.anthill.com.pl\/index.php?rest_route=\/wp\/v2\/users\/2"}],"replies":[{"embeddable":true,"href":"https:\/\/www.anthill.com.pl\/index.php?rest_route=%2Fwp%2Fv2%2Fcomments&post=7912"}],"version-history":[{"count":5,"href":"https:\/\/www.anthill.com.pl\/index.php?rest_route=\/wp\/v2\/posts\/7912\/revisions"}],"predecessor-version":[{"id":7922,"href":"https:\/\/www.anthill.com.pl\/index.php?rest_route=\/wp\/v2\/posts\/7912\/revisions\/7922"}],"wp:featuredmedia":[{"embeddable":true,"href":"https:\/\/www.anthill.com.pl\/index.php?rest_route=\/wp\/v2\/media\/7921"}],"wp:attachment":[{"href":"https:\/\/www.anthill.com.pl\/index.php?rest_route=%2Fwp%2Fv2%2Fmedia&parent=7912"}],"wp:term":[{"taxonomy":"category","embeddable":true,"href":"https:\/\/www.anthill.com.pl\/index.php?rest_route=%2Fwp%2Fv2%2Fcategories&post=7912"},{"taxonomy":"post_tag","embeddable":true,"href":"https:\/\/www.anthill.com.pl\/index.php?rest_route=%2Fwp%2Fv2%2Ftags&post=7912"}],"curies":[{"name":"wp","href":"https:\/\/api.w.org\/{rel}","templated":true}]}}