{"id":799,"date":"2020-11-09T19:16:00","date_gmt":"2020-11-09T18:16:00","guid":{"rendered":"https:\/\/www.anthill.com.pl\/?p=799"},"modified":"2024-05-19T19:50:35","modified_gmt":"2024-05-19T17:50:35","slug":"koscioly-lubelszczyzny-na-gigapanoramach-etap-ii","status":"publish","type":"post","link":"https:\/\/www.anthill.com.pl\/?p=799","title":{"rendered":"Ko\u015bcio\u0142y Lubelszczyzny na Gigapanoramach \u2013 etap II"},"content":{"rendered":"\t\t<div data-elementor-type=\"wp-post\" data-elementor-id=\"799\" class=\"elementor elementor-799\" data-elementor-settings=\"[]\">\n\t\t\t\t\t\t<div class=\"elementor-inner\">\n\t\t\t\t\t\t\t<div class=\"elementor-section-wrap\">\n\t\t\t\t\t\t\t<section class=\"elementor-section elementor-top-section elementor-element elementor-element-7d76e82f elementor-section-boxed elementor-section-height-default elementor-section-height-default\" data-id=\"7d76e82f\" data-element_type=\"section\">\n\t\t\t\t\t\t<div class=\"elementor-container elementor-column-gap-default\">\n\t\t\t\t\t\t\t<div class=\"elementor-row\">\n\t\t\t\t\t<div class=\"elementor-column elementor-col-100 elementor-top-column elementor-element elementor-element-6b4b99fc\" data-id=\"6b4b99fc\" data-element_type=\"column\">\n\t\t\t<div class=\"elementor-column-wrap elementor-element-populated\">\n\t\t\t\t\t\t\t<div class=\"elementor-widget-wrap\">\n\t\t\t\t\t\t<div class=\"elementor-element elementor-element-751a1490 elementor-widget elementor-widget-text-editor\" data-id=\"751a1490\" data-element_type=\"widget\" data-widget_type=\"text-editor.default\">\n\t\t\t\t<div class=\"elementor-widget-container\">\n\t\t\t\t\t\t\t\t<div class=\"elementor-text-editor elementor-clearfix\">\n\t\t\t\t<!-- wp:paragraph -->\n<p>Projekt zosta\u0142 zrealizowany z funduszy Ministerstwa Kultury i Dziedzictwa Narodowego. Organizatorem przedsi\u0119wzi\u0119cia by\u0142a Archidiecezja Lubelska wraz ze Stowarzyszeniem Anthill.\u00a0<\/p>\n<!-- \/wp:paragraph --><!-- wp:paragraph -->\n<p>Dzia\u0142anie mia\u0142o na celu zdigitalizowanie zasob\u00f3w ko\u015bcielnych z wykorzystaniem gigapanoram lotniczych i naziemnych. Zebranie i przedstawienie na jednej platformie zasob\u00f3w cyfrowych poszczeg\u00f3lnych ko\u015bcio\u0142\u00f3w Archidiecezji Lubelskiej ma s\u0142u\u017cy\u0107 \u015bwiadomemu i bezpiecznemu korzystaniu z tzw. nowych medi\u00f3w, co przyczyni si\u0119 r\u00f3wnie\u017c do rozwoju kompetencji zwi\u0105zanych z dzia\u0142aniami tw\u00f3rczymi obywateli w pos\u0142ugiwaniu si\u0119 tymi narz\u0119dziami.<\/p>\n<!-- \/wp:paragraph --><!-- wp:paragraph -->\n<p>W poprzednich latach projekt zosta\u0142 zrealizowany w archikatedrze pw. \u015aw. Jana Chrzciciela i \u015bw. Jana Ewangelisty w Lublinie, ko\u015bciele pw. Przemienienia Pa\u0144skiego w Lublinie oraz ko\u015bciele pw. \u015aw. Jana Chrzciciela i \u015bw. Bart\u0142omieja Aposto\u0142a w Kazimierzu Dolnym.<\/p>\n<!-- \/wp:paragraph --><!-- wp:paragraph -->\n<p>W tegorocznej edycji gigapanoramy wykonane zosta\u0142y w ko\u015bcio\u0142ach: pw. \u015aw. Miko\u0142aja w Lublinie, pw. Bo\u017cego Cia\u0142a w J\u00f3zefowie nad Wis\u0142\u0105, pw. \u015aw. Tomasza Aposto\u0142a i \u015bw. Stanis\u0142awa Biskupa M\u0119czennika w Piotrawinie.<\/p>\n<p>Wsp\u00f3\u0142praca Stowarzyszenia z Archidiecezj\u0105 polega\u0142a na wsparciu merytorycznym przy koordynacji zadania oraz na wdra\u017caniu strategii\u00a0 promocyjnej projektu.<\/p>\n<!-- \/wp:paragraph --><!-- wp:paragraph --><!-- \/wp:paragraph -->\t\t\t\t\t<\/div>\n\t\t\t\t\t\t<\/div>\n\t\t\t\t<\/div>\n\t\t\t\t\t\t<\/div>\n\t\t\t\t\t<\/div>\n\t\t<\/div>\n\t\t\t\t\t\t\t\t<\/div>\n\t\t\t\t\t<\/div>\n\t\t<\/section>\n\t\t\t\t\t\t<\/div>\n\t\t\t\t\t\t<\/div>\n\t\t\t\t\t<\/div>\n\t\t","protected":false},"excerpt":{"rendered":"<p>Projekt zosta\u0142 zrealizowany z funduszy Ministerstwa Kultury i Dziedzictwa Narodowego. Organizatorem przedsi\u0119wzi\u0119cia by\u0142a Archidiecezja Lubelska wraz ze Stowarzyszeniem Anthill.\u00a0 Dzia\u0142anie mia\u0142o na celu zdigitalizowanie zasob\u00f3w ko\u015bcielnych z wykorzystaniem gigapanoram lotniczych i naziemnych. Zebranie i przedstawienie na jednej platformie zasob\u00f3w cyfrowych poszczeg\u00f3lnych ko\u015bcio\u0142\u00f3w Archidiecezji Lubelskiej ma s\u0142u\u017cy\u0107 \u015bwiadomemu i bezpiecznemu korzystaniu z tzw. nowych medi\u00f3w, co [&hellip;]<\/p>\n","protected":false},"author":2,"featured_media":795,"comment_status":"open","ping_status":"open","sticky":false,"template":"","format":"standard","meta":{"_themeisle_gutenberg_block_has_review":false,"footnotes":""},"categories":[8],"tags":[],"class_list":["post-799","post","type-post","status-publish","format-standard","has-post-thumbnail","hentry","category-projekty","clearfix"],"_links":{"self":[{"href":"https:\/\/www.anthill.com.pl\/index.php?rest_route=\/wp\/v2\/posts\/799","targetHints":{"allow":["GET"]}}],"collection":[{"href":"https:\/\/www.anthill.com.pl\/index.php?rest_route=\/wp\/v2\/posts"}],"about":[{"href":"https:\/\/www.anthill.com.pl\/index.php?rest_route=\/wp\/v2\/types\/post"}],"author":[{"embeddable":true,"href":"https:\/\/www.anthill.com.pl\/index.php?rest_route=\/wp\/v2\/users\/2"}],"replies":[{"embeddable":true,"href":"https:\/\/www.anthill.com.pl\/index.php?rest_route=%2Fwp%2Fv2%2Fcomments&post=799"}],"version-history":[{"count":4,"href":"https:\/\/www.anthill.com.pl\/index.php?rest_route=\/wp\/v2\/posts\/799\/revisions"}],"predecessor-version":[{"id":6884,"href":"https:\/\/www.anthill.com.pl\/index.php?rest_route=\/wp\/v2\/posts\/799\/revisions\/6884"}],"wp:featuredmedia":[{"embeddable":true,"href":"https:\/\/www.anthill.com.pl\/index.php?rest_route=\/wp\/v2\/media\/795"}],"wp:attachment":[{"href":"https:\/\/www.anthill.com.pl\/index.php?rest_route=%2Fwp%2Fv2%2Fmedia&parent=799"}],"wp:term":[{"taxonomy":"category","embeddable":true,"href":"https:\/\/www.anthill.com.pl\/index.php?rest_route=%2Fwp%2Fv2%2Fcategories&post=799"},{"taxonomy":"post_tag","embeddable":true,"href":"https:\/\/www.anthill.com.pl\/index.php?rest_route=%2Fwp%2Fv2%2Ftags&post=799"}],"curies":[{"name":"wp","href":"https:\/\/api.w.org\/{rel}","templated":true}]}}