{"id":8230,"date":"2025-06-29T18:56:47","date_gmt":"2025-06-29T16:56:47","guid":{"rendered":"https:\/\/www.anthill.com.pl\/?p=8230"},"modified":"2025-06-29T19:07:58","modified_gmt":"2025-06-29T17:07:58","slug":"blisko-chorych","status":"publish","type":"post","link":"https:\/\/www.anthill.com.pl\/?p=8230","title":{"rendered":"Blisko Chorych"},"content":{"rendered":"\t\t<div data-elementor-type=\"wp-post\" data-elementor-id=\"8230\" class=\"elementor elementor-8230\" data-elementor-settings=\"[]\">\n\t\t\t\t\t\t<div class=\"elementor-inner\">\n\t\t\t\t\t\t\t<div class=\"elementor-section-wrap\">\n\t\t\t\t\t\t\t<section class=\"elementor-section elementor-top-section elementor-element elementor-element-1b76c529 elementor-section-boxed elementor-section-height-default elementor-section-height-default\" data-id=\"1b76c529\" data-element_type=\"section\">\n\t\t\t\t\t\t<div class=\"elementor-container elementor-column-gap-default\">\n\t\t\t\t\t\t\t<div class=\"elementor-row\">\n\t\t\t\t\t<div class=\"elementor-column elementor-col-100 elementor-top-column elementor-element elementor-element-26509978\" data-id=\"26509978\" data-element_type=\"column\">\n\t\t\t<div class=\"elementor-column-wrap elementor-element-populated\">\n\t\t\t\t\t\t\t<div class=\"elementor-widget-wrap\">\n\t\t\t\t\t\t<div class=\"elementor-element elementor-element-694257b2 elementor-widget elementor-widget-text-editor\" data-id=\"694257b2\" data-element_type=\"widget\" data-widget_type=\"text-editor.default\">\n\t\t\t\t<div class=\"elementor-widget-container\">\n\t\t\t\t\t\t\t\t<div class=\"elementor-text-editor elementor-clearfix\">\n\t\t\t\t<!-- wp:paragraph -->\n<p>nauczanie Jana Paw\u0142a II w Hospicjum Dobrego Samarytanina w Lublinie<\/p>\n<!-- \/wp:paragraph -->\t\t\t\t\t<\/div>\n\t\t\t\t\t\t<\/div>\n\t\t\t\t<\/div>\n\t\t\t\t\t\t<\/div>\n\t\t\t\t\t<\/div>\n\t\t<\/div>\n\t\t\t\t\t\t\t\t<\/div>\n\t\t\t\t\t<\/div>\n\t\t<\/section>\n\t\t\t\t<section class=\"elementor-section elementor-top-section elementor-element elementor-element-72dfb7f elementor-section-boxed elementor-section-height-default elementor-section-height-default\" data-id=\"72dfb7f\" data-element_type=\"section\">\n\t\t\t\t\t\t<div class=\"elementor-container elementor-column-gap-default\">\n\t\t\t\t\t\t\t<div class=\"elementor-row\">\n\t\t\t\t\t<div class=\"elementor-column elementor-col-50 elementor-top-column elementor-element elementor-element-03726e2\" data-id=\"03726e2\" data-element_type=\"column\">\n\t\t\t<div class=\"elementor-column-wrap elementor-element-populated\">\n\t\t\t\t\t\t\t<div class=\"elementor-widget-wrap\">\n\t\t\t\t\t\t<div class=\"elementor-element elementor-element-67388d0 elementor-invisible elementor-widget elementor-widget-text-editor\" data-id=\"67388d0\" data-element_type=\"widget\" data-settings=\"{&quot;_animation&quot;:&quot;fadeInDown&quot;}\" data-widget_type=\"text-editor.default\">\n\t\t\t\t<div class=\"elementor-widget-container\">\n\t\t\t\t\t\t\t\t<div class=\"elementor-text-editor elementor-clearfix\">\n\t\t\t\t<p>W Hospicjum Dobrego Samarytanina w Lublinie rusza niezwyk\u0142y projekt \u201eBlisko Chorych \u2013 nauczanie Jana Paw\u0142a II w Hospicjum Dobrego Samarytanina w Lublinie\u201d, realizowany przez Archidiecezj\u0119 Lubelsk\u0105. Inicjatywa ma na celu dostarczenie pacjentom w terminalnej fazie choroby nowotworowej oraz ich rodzinom duchowego wsparcia poprzez profesjonalnie przygotowane s\u0142uchowiska oparte na nauczaniu papie\u017ca Polaka. Z my\u015bl\u0105 o osobach, kt\u00f3re zmagaj\u0105 si\u0119 z b\u00f3lem, samotno\u015bci\u0105 i poczuciem odizolowania, zesp\u00f3\u0142 projektowy \u2013 we wsp\u00f3\u0142pracy z Instytutem Jana Paw\u0142a II \u2013 przygotuje cykl s\u0142uchowisk opartych na encyklikach i przes\u0142aniach papieskich. Nagrania, zrealizowane przez do\u015bwiadczonych lektor\u00f3w, emitowane b\u0119d\u0105 przez odnowiony system radiow\u0119z\u0142owy w hospicjum. W chwilach szczeg\u00f3lnie trudnych s\u0142owa Jana Paw\u0142a II mog\u0105 przynie\u015b\u0107 ukojenie, si\u0142\u0119 i sens \u2013 podkre\u015bla ks. dr Adam Lewandowski, kanclerz Kurii Metropolitalnej w Lublinie. Projekt \u201eBlisko Chorych\u201d jest wyrazem naszej troski o duchowy komfort chorych oraz ich najbli\u017cszych. Projekt wpisuje si\u0119 w d\u0142ugoletni\u0105 misj\u0119 Archidiecezji Lubelskiej na rzecz os\u00f3b chorych i cierpi\u0105cych. S\u0142uchowiska powsta\u0142e w ramach przedsi\u0119wzi\u0119cia pozostan\u0105 do dyspozycji hospicjum r\u00f3wnie\u017c po zako\u0144czeniu realizacji zadania, staj\u0105c si\u0119 trwa\u0142ym narz\u0119dziem wsparcia duchowego.\u00a0<\/p>\t\t\t\t\t<\/div>\n\t\t\t\t\t\t<\/div>\n\t\t\t\t<\/div>\n\t\t\t\t\t\t<\/div>\n\t\t\t\t\t<\/div>\n\t\t<\/div>\n\t\t\t\t<div class=\"elementor-column elementor-col-50 elementor-top-column elementor-element elementor-element-e718592\" data-id=\"e718592\" data-element_type=\"column\">\n\t\t\t<div class=\"elementor-column-wrap elementor-element-populated\">\n\t\t\t\t\t\t\t<div class=\"elementor-widget-wrap\">\n\t\t\t\t\t\t<div class=\"elementor-element elementor-element-290630b elementor-invisible elementor-widget elementor-widget-image\" data-id=\"290630b\" data-element_type=\"widget\" data-settings=\"{&quot;_animation&quot;:&quot;fadeInDown&quot;}\" data-widget_type=\"image.default\">\n\t\t\t\t<div class=\"elementor-widget-container\">\n\t\t\t\t\t\t\t\t<div class=\"elementor-image\">\n\t\t\t\t\t\t\t\t\t\t\t\t<img loading=\"lazy\" decoding=\"async\" width=\"864\" height=\"1536\" src=\"https:\/\/www.anthill.com.pl\/wp-content\/uploads\/2025\/06\/konkurs-grafika-hospicjum-2048-x-1448-px-Film-na-telefon-864x1536.jpg\" class=\"attachment-1536x1536 size-1536x1536\" alt=\"\" srcset=\"https:\/\/www.anthill.com.pl\/wp-content\/uploads\/2025\/06\/konkurs-grafika-hospicjum-2048-x-1448-px-Film-na-telefon-864x1536.jpg 864w, https:\/\/www.anthill.com.pl\/wp-content\/uploads\/2025\/06\/konkurs-grafika-hospicjum-2048-x-1448-px-Film-na-telefon-169x300.jpg 169w, https:\/\/www.anthill.com.pl\/wp-content\/uploads\/2025\/06\/konkurs-grafika-hospicjum-2048-x-1448-px-Film-na-telefon-225x400.jpg 225w, https:\/\/www.anthill.com.pl\/wp-content\/uploads\/2025\/06\/konkurs-grafika-hospicjum-2048-x-1448-px-Film-na-telefon-768x1365.jpg 768w, https:\/\/www.anthill.com.pl\/wp-content\/uploads\/2025\/06\/konkurs-grafika-hospicjum-2048-x-1448-px-Film-na-telefon.jpg 1080w\" sizes=\"auto, (max-width: 864px) 100vw, 864px\" \/>\t\t\t\t\t\t\t\t\t\t\t\t\t\t<\/div>\n\t\t\t\t\t\t<\/div>\n\t\t\t\t<\/div>\n\t\t\t\t\t\t<\/div>\n\t\t\t\t\t<\/div>\n\t\t<\/div>\n\t\t\t\t\t\t\t\t<\/div>\n\t\t\t\t\t<\/div>\n\t\t<\/section>\n\t\t\t\t<section class=\"elementor-section elementor-top-section elementor-element elementor-element-60226a9 elementor-section-boxed elementor-section-height-default elementor-section-height-default\" data-id=\"60226a9\" data-element_type=\"section\">\n\t\t\t\t\t\t<div class=\"elementor-container elementor-column-gap-default\">\n\t\t\t\t\t\t\t<div class=\"elementor-row\">\n\t\t\t\t\t<div class=\"elementor-column elementor-col-100 elementor-top-column elementor-element elementor-element-2b30dc3\" data-id=\"2b30dc3\" data-element_type=\"column\">\n\t\t\t<div class=\"elementor-column-wrap elementor-element-populated\">\n\t\t\t\t\t\t\t<div class=\"elementor-widget-wrap\">\n\t\t\t\t\t\t<div class=\"elementor-element elementor-element-02aba8e elementor-invisible elementor-widget elementor-widget-image\" data-id=\"02aba8e\" data-element_type=\"widget\" data-settings=\"{&quot;_animation&quot;:&quot;fadeInDown&quot;}\" data-widget_type=\"image.default\">\n\t\t\t\t<div class=\"elementor-widget-container\">\n\t\t\t\t\t\t\t\t<div class=\"elementor-image\">\n\t\t\t\t\t\t\t\t\t\t\t\t<img loading=\"lazy\" decoding=\"async\" width=\"938\" height=\"263\" src=\"https:\/\/www.anthill.com.pl\/wp-content\/uploads\/2025\/05\/lubelskie_urzad_a-938x263.jpg\" class=\"attachment-large size-large\" alt=\"\" srcset=\"https:\/\/www.anthill.com.pl\/wp-content\/uploads\/2025\/05\/lubelskie_urzad_a-938x263.jpg 938w, https:\/\/www.anthill.com.pl\/wp-content\/uploads\/2025\/05\/lubelskie_urzad_a-1071x300.jpg 1071w, https:\/\/www.anthill.com.pl\/wp-content\/uploads\/2025\/05\/lubelskie_urzad_a-768x215.jpg 768w, https:\/\/www.anthill.com.pl\/wp-content\/uploads\/2025\/05\/lubelskie_urzad_a-1536x430.jpg 1536w, https:\/\/www.anthill.com.pl\/wp-content\/uploads\/2025\/05\/lubelskie_urzad_a.jpg 1600w\" sizes=\"auto, (max-width: 938px) 100vw, 938px\" \/>\t\t\t\t\t\t\t\t\t\t\t\t\t\t<\/div>\n\t\t\t\t\t\t<\/div>\n\t\t\t\t<\/div>\n\t\t\t\t\t\t<\/div>\n\t\t\t\t\t<\/div>\n\t\t<\/div>\n\t\t\t\t\t\t\t\t<\/div>\n\t\t\t\t\t<\/div>\n\t\t<\/section>\n\t\t\t\t<section class=\"elementor-section elementor-top-section elementor-element elementor-element-6181c71 elementor-section-boxed elementor-section-height-default elementor-section-height-default\" data-id=\"6181c71\" data-element_type=\"section\">\n\t\t\t\t\t\t<div class=\"elementor-container elementor-column-gap-default\">\n\t\t\t\t\t\t\t<div class=\"elementor-row\">\n\t\t\t\t\t<div class=\"elementor-column elementor-col-100 elementor-top-column elementor-element elementor-element-31a188d\" data-id=\"31a188d\" data-element_type=\"column\">\n\t\t\t<div class=\"elementor-column-wrap elementor-element-populated\">\n\t\t\t\t\t\t\t<div class=\"elementor-widget-wrap\">\n\t\t\t\t\t\t<div class=\"elementor-element elementor-element-510786e elementor-invisible elementor-widget elementor-widget-text-editor\" data-id=\"510786e\" data-element_type=\"widget\" data-settings=\"{&quot;_animation&quot;:&quot;fadeInDown&quot;}\" data-widget_type=\"text-editor.default\">\n\t\t\t\t<div class=\"elementor-widget-container\">\n\t\t\t\t\t\t\t\t<div class=\"elementor-text-editor elementor-clearfix\">\n\t\t\t\t<p>Zadanie jest wsp\u00f3\u0142finansowane przez Wojew\u00f3dztwo Lubelskie<\/p>\t\t\t\t\t<\/div>\n\t\t\t\t\t\t<\/div>\n\t\t\t\t<\/div>\n\t\t\t\t\t\t<\/div>\n\t\t\t\t\t<\/div>\n\t\t<\/div>\n\t\t\t\t\t\t\t\t<\/div>\n\t\t\t\t\t<\/div>\n\t\t<\/section>\n\t\t\t\t\t\t<\/div>\n\t\t\t\t\t\t<\/div>\n\t\t\t\t\t<\/div>\n\t\t","protected":false},"excerpt":{"rendered":"<p>nauczanie Jana Paw\u0142a II w Hospicjum Dobrego Samarytanina w Lublinie W Hospicjum Dobrego Samarytanina w Lublinie rusza niezwyk\u0142y projekt \u201eBlisko Chorych \u2013 nauczanie Jana Paw\u0142a II w Hospicjum Dobrego Samarytanina w Lublinie\u201d, realizowany przez Archidiecezj\u0119 Lubelsk\u0105. Inicjatywa ma na celu dostarczenie pacjentom w terminalnej fazie choroby nowotworowej oraz ich rodzinom duchowego wsparcia poprzez profesjonalnie przygotowane [&hellip;]<\/p>\n","protected":false},"author":2,"featured_media":8233,"comment_status":"open","ping_status":"open","sticky":false,"template":"","format":"standard","meta":{"_themeisle_gutenberg_block_has_review":false,"footnotes":""},"categories":[1],"tags":[],"class_list":["post-8230","post","type-post","status-publish","format-standard","has-post-thumbnail","hentry","category-bez-kategorii","clearfix"],"_links":{"self":[{"href":"https:\/\/www.anthill.com.pl\/index.php?rest_route=\/wp\/v2\/posts\/8230","targetHints":{"allow":["GET"]}}],"collection":[{"href":"https:\/\/www.anthill.com.pl\/index.php?rest_route=\/wp\/v2\/posts"}],"about":[{"href":"https:\/\/www.anthill.com.pl\/index.php?rest_route=\/wp\/v2\/types\/post"}],"author":[{"embeddable":true,"href":"https:\/\/www.anthill.com.pl\/index.php?rest_route=\/wp\/v2\/users\/2"}],"replies":[{"embeddable":true,"href":"https:\/\/www.anthill.com.pl\/index.php?rest_route=%2Fwp%2Fv2%2Fcomments&post=8230"}],"version-history":[{"count":5,"href":"https:\/\/www.anthill.com.pl\/index.php?rest_route=\/wp\/v2\/posts\/8230\/revisions"}],"predecessor-version":[{"id":8242,"href":"https:\/\/www.anthill.com.pl\/index.php?rest_route=\/wp\/v2\/posts\/8230\/revisions\/8242"}],"wp:featuredmedia":[{"embeddable":true,"href":"https:\/\/www.anthill.com.pl\/index.php?rest_route=\/wp\/v2\/media\/8233"}],"wp:attachment":[{"href":"https:\/\/www.anthill.com.pl\/index.php?rest_route=%2Fwp%2Fv2%2Fmedia&parent=8230"}],"wp:term":[{"taxonomy":"category","embeddable":true,"href":"https:\/\/www.anthill.com.pl\/index.php?rest_route=%2Fwp%2Fv2%2Fcategories&post=8230"},{"taxonomy":"post_tag","embeddable":true,"href":"https:\/\/www.anthill.com.pl\/index.php?rest_route=%2Fwp%2Fv2%2Ftags&post=8230"}],"curies":[{"name":"wp","href":"https:\/\/api.w.org\/{rel}","templated":true}]}}