{"id":8244,"date":"2025-08-06T18:36:07","date_gmt":"2025-08-06T16:36:07","guid":{"rendered":"https:\/\/www.anthill.com.pl\/?p=8244"},"modified":"2025-08-06T18:39:20","modified_gmt":"2025-08-06T16:39:20","slug":"kazimierski-festiwal-organowy-9","status":"publish","type":"post","link":"https:\/\/www.anthill.com.pl\/?p=8244","title":{"rendered":"Kazimierski Festiwal Organowy"},"content":{"rendered":"\t\t<div data-elementor-type=\"wp-post\" data-elementor-id=\"8244\" class=\"elementor elementor-8244\" data-elementor-settings=\"[]\">\n\t\t\t\t\t\t<div class=\"elementor-inner\">\n\t\t\t\t\t\t\t<div class=\"elementor-section-wrap\">\n\t\t\t\t\t\t\t<section class=\"elementor-section elementor-top-section elementor-element elementor-element-9f6c218 elementor-section-boxed elementor-section-height-default elementor-section-height-default\" data-id=\"9f6c218\" data-element_type=\"section\">\n\t\t\t\t\t\t<div class=\"elementor-container elementor-column-gap-default\">\n\t\t\t\t\t\t\t<div class=\"elementor-row\">\n\t\t\t\t\t<div class=\"elementor-column elementor-col-50 elementor-top-column elementor-element elementor-element-2271bec\" data-id=\"2271bec\" data-element_type=\"column\">\n\t\t\t<div class=\"elementor-column-wrap elementor-element-populated\">\n\t\t\t\t\t\t\t<div class=\"elementor-widget-wrap\">\n\t\t\t\t\t\t<div class=\"elementor-element elementor-element-650639a elementor-invisible elementor-widget elementor-widget-image\" data-id=\"650639a\" data-element_type=\"widget\" data-settings=\"{&quot;_animation&quot;:&quot;fadeInDown&quot;}\" data-widget_type=\"image.default\">\n\t\t\t\t<div class=\"elementor-widget-container\">\n\t\t\t\t\t\t\t\t<div class=\"elementor-image\">\n\t\t\t\t\t\t\t\t\t\t\t\t<img loading=\"lazy\" decoding=\"async\" width=\"1459\" height=\"2048\" src=\"https:\/\/www.anthill.com.pl\/wp-content\/uploads\/2025\/08\/poster-KFO2025-1459x2048.jpg\" class=\"attachment-2048x2048 size-2048x2048\" alt=\"\" srcset=\"https:\/\/www.anthill.com.pl\/wp-content\/uploads\/2025\/08\/poster-KFO2025-1459x2048.jpg 1459w, https:\/\/www.anthill.com.pl\/wp-content\/uploads\/2025\/08\/poster-KFO2025-214x300.jpg 214w, https:\/\/www.anthill.com.pl\/wp-content\/uploads\/2025\/08\/poster-KFO2025-285x400.jpg 285w, https:\/\/www.anthill.com.pl\/wp-content\/uploads\/2025\/08\/poster-KFO2025-768x1078.jpg 768w, https:\/\/www.anthill.com.pl\/wp-content\/uploads\/2025\/08\/poster-KFO2025-1095x1536.jpg 1095w\" sizes=\"auto, (max-width: 1459px) 100vw, 1459px\" \/>\t\t\t\t\t\t\t\t\t\t\t\t\t\t<\/div>\n\t\t\t\t\t\t<\/div>\n\t\t\t\t<\/div>\n\t\t\t\t\t\t<\/div>\n\t\t\t\t\t<\/div>\n\t\t<\/div>\n\t\t\t\t<div class=\"elementor-column elementor-col-50 elementor-top-column elementor-element elementor-element-7050519\" data-id=\"7050519\" data-element_type=\"column\">\n\t\t\t<div class=\"elementor-column-wrap elementor-element-populated\">\n\t\t\t\t\t\t\t<div class=\"elementor-widget-wrap\">\n\t\t\t\t\t\t<div class=\"elementor-element elementor-element-02e04e3 elementor-invisible elementor-widget elementor-widget-text-editor\" data-id=\"02e04e3\" data-element_type=\"widget\" data-settings=\"{&quot;_animation&quot;:&quot;fadeInDown&quot;}\" data-widget_type=\"text-editor.default\">\n\t\t\t\t<div class=\"elementor-widget-container\">\n\t\t\t\t\t\t\t\t<div class=\"elementor-text-editor elementor-clearfix\">\n\t\t\t\t<p>Przed nami kolejna edycja Kazimierskiego Festiwalu Organowego \u2013 najstarszego wydarzenia muzycznego w regionie, z ponad 50-letni\u0105 histori\u0105.<\/p><p>W zabytkowym wn\u0119trzu fary w Kazimierzu Dolnym rozbrzmiewa\u0107 b\u0119d\u0105 koncerty wybitnych organist\u00f3w z Polski oraz Europy \u2013 w tym z Czech, Austrii czy Hiszpanii. Opr\u00f3cz solowych recitali organowych, us\u0142yszymy r\u00f3wnie\u017c wyj\u0105tkowe wykonania z udzia\u0142em zaproszonych zespo\u0142\u00f3w i artyst\u00f3w \u2013 mi\u0119dzy innymi klawesyn, skrzypce czy flet. Festiwal rozpocznie koncert Dyrektora Artystycznego Festiwalu \u2013 prof. Dr hab. Romana Peruckiego\u00a0 na organach wraz z flecist\u0105 &#8211; \u0141ukaszem D\u0142ugoszem.<\/p><p>Festiwal rozpocznie si\u0119 28 czerwca 2025 r., a koncerty b\u0119d\u0105 odbywa\u0107 si\u0119 w ka\u017cd\u0105 sobot\u0119 o godz. 19:00 a\u017c do 9 sierpnia 2025 r. <strong>Wst\u0119p na wszystkie koncerty jest bezp\u0142atny.<\/strong><\/p><p><strong>Dyrektor Artystyczny Festiwalu: Prof. dr hab. Roman Perucki<\/strong><\/p><p><strong>Prowadzenie koncert\u00f3w: Jan Popis<\/strong><\/p><p>\u00a0<\/p>\t\t\t\t\t<\/div>\n\t\t\t\t\t\t<\/div>\n\t\t\t\t<\/div>\n\t\t\t\t\t\t<\/div>\n\t\t\t\t\t<\/div>\n\t\t<\/div>\n\t\t\t\t\t\t\t\t<\/div>\n\t\t\t\t\t<\/div>\n\t\t<\/section>\n\t\t\t\t<section class=\"elementor-section elementor-top-section elementor-element elementor-element-34f0b3f elementor-section-boxed elementor-section-height-default elementor-section-height-default\" data-id=\"34f0b3f\" data-element_type=\"section\">\n\t\t\t\t\t\t<div class=\"elementor-container elementor-column-gap-default\">\n\t\t\t\t\t\t\t<div class=\"elementor-row\">\n\t\t\t\t\t<div class=\"elementor-column elementor-col-100 elementor-top-column elementor-element elementor-element-c2b8f4d\" data-id=\"c2b8f4d\" data-element_type=\"column\">\n\t\t\t<div class=\"elementor-column-wrap elementor-element-populated\">\n\t\t\t\t\t\t\t<div class=\"elementor-widget-wrap\">\n\t\t\t\t\t\t<div class=\"elementor-element elementor-element-63291fa elementor-widget elementor-widget-text-editor\" data-id=\"63291fa\" data-element_type=\"widget\" data-widget_type=\"text-editor.default\">\n\t\t\t\t<div class=\"elementor-widget-container\">\n\t\t\t\t\t\t\t\t<div class=\"elementor-text-editor elementor-clearfix\">\n\t\t\t\t<p>Biogramy tegorocznych artyst\u00f3w<\/p>\t\t\t\t\t<\/div>\n\t\t\t\t\t\t<\/div>\n\t\t\t\t<\/div>\n\t\t\t\t\t\t<\/div>\n\t\t\t\t\t<\/div>\n\t\t<\/div>\n\t\t\t\t\t\t\t\t<\/div>\n\t\t\t\t\t<\/div>\n\t\t<\/section>\n\t\t\t\t<section class=\"elementor-section elementor-top-section elementor-element elementor-element-3228409 elementor-section-boxed elementor-section-height-default elementor-section-height-default\" data-id=\"3228409\" data-element_type=\"section\">\n\t\t\t\t\t\t<div class=\"elementor-container elementor-column-gap-default\">\n\t\t\t\t\t\t\t<div class=\"elementor-row\">\n\t\t\t\t\t<div class=\"elementor-column elementor-col-100 elementor-top-column elementor-element elementor-element-5d00801\" data-id=\"5d00801\" data-element_type=\"column\">\n\t\t\t<div class=\"elementor-column-wrap elementor-element-populated\">\n\t\t\t\t\t\t\t<div class=\"elementor-widget-wrap\">\n\t\t\t\t\t\t<div class=\"elementor-element elementor-element-a69a975 elementor-arrows-position-inside elementor-pagination-position-outside elementor-widget elementor-widget-image-carousel\" data-id=\"a69a975\" data-element_type=\"widget\" data-settings=\"{&quot;navigation&quot;:&quot;both&quot;,&quot;autoplay&quot;:&quot;yes&quot;,&quot;pause_on_hover&quot;:&quot;yes&quot;,&quot;pause_on_interaction&quot;:&quot;yes&quot;,&quot;autoplay_speed&quot;:5000,&quot;infinite&quot;:&quot;yes&quot;,&quot;speed&quot;:500}\" data-widget_type=\"image-carousel.default\">\n\t\t\t\t<div class=\"elementor-widget-container\">\n\t\t\t\t\t<div class=\"elementor-image-carousel-wrapper swiper-container\" dir=\"ltr\">\n\t\t\t<div class=\"elementor-image-carousel swiper-wrapper\">\n\t\t\t\t\t\t\t\t<div class=\"swiper-slide\"><figure class=\"swiper-slide-inner\"><img decoding=\"async\" class=\"swiper-slide-image\" src=\"https:\/\/www.anthill.com.pl\/wp-content\/uploads\/2025\/08\/BIO_-2.08.jpg\" alt=\"BIO_ 2.08\" \/><\/figure><\/div><div class=\"swiper-slide\"><figure class=\"swiper-slide-inner\"><img decoding=\"async\" class=\"swiper-slide-image\" src=\"https:\/\/www.anthill.com.pl\/wp-content\/uploads\/2025\/08\/BIO_-5.07.jpg\" alt=\"BIO_ 5.07\" \/><\/figure><\/div><div class=\"swiper-slide\"><figure class=\"swiper-slide-inner\"><img decoding=\"async\" class=\"swiper-slide-image\" src=\"https:\/\/www.anthill.com.pl\/wp-content\/uploads\/2025\/08\/BIO_-9.08.jpg\" alt=\"BIO_ 9.08\" \/><\/figure><\/div><div class=\"swiper-slide\"><figure class=\"swiper-slide-inner\"><img decoding=\"async\" class=\"swiper-slide-image\" src=\"https:\/\/www.anthill.com.pl\/wp-content\/uploads\/2025\/08\/BIO_-12.07.jpg\" alt=\"BIO_ 12.07\" \/><\/figure><\/div><div class=\"swiper-slide\"><figure class=\"swiper-slide-inner\"><img decoding=\"async\" class=\"swiper-slide-image\" src=\"https:\/\/www.anthill.com.pl\/wp-content\/uploads\/2025\/08\/BIO_-19.07.jpg\" alt=\"BIO_ 19.07\" \/><\/figure><\/div><div class=\"swiper-slide\"><figure class=\"swiper-slide-inner\"><img decoding=\"async\" class=\"swiper-slide-image\" src=\"https:\/\/www.anthill.com.pl\/wp-content\/uploads\/2025\/08\/BIO_-26.07.jpg\" alt=\"BIO_ 26.07\" \/><\/figure><\/div><div class=\"swiper-slide\"><figure class=\"swiper-slide-inner\"><img decoding=\"async\" class=\"swiper-slide-image\" src=\"https:\/\/www.anthill.com.pl\/wp-content\/uploads\/2025\/08\/BIO1.jpg\" alt=\"BIO1\" \/><\/figure><\/div>\t\t\t<\/div>\n\t\t\t\t\t\t\t\t\t\t\t\t<div class=\"swiper-pagination\"><\/div>\n\t\t\t\t\t\t\t\t\t\t\t\t\t<div class=\"elementor-swiper-button elementor-swiper-button-prev\">\n\t\t\t\t\t\t<i aria-hidden=\"true\" class=\"eicon-chevron-left\"><\/i>\t\t\t\t\t\t<span class=\"elementor-screen-only\">Poprzednie<\/span>\n\t\t\t\t\t<\/div>\n\t\t\t\t\t<div class=\"elementor-swiper-button elementor-swiper-button-next\">\n\t\t\t\t\t\t<i aria-hidden=\"true\" class=\"eicon-chevron-right\"><\/i>\t\t\t\t\t\t<span class=\"elementor-screen-only\">Nast\u0119pne<\/span>\n\t\t\t\t\t<\/div>\n\t\t\t\t\t\t\t\t\t<\/div>\n\t\t\t\t<\/div>\n\t\t\t\t<\/div>\n\t\t\t\t\t\t<\/div>\n\t\t\t\t\t<\/div>\n\t\t<\/div>\n\t\t\t\t\t\t\t\t<\/div>\n\t\t\t\t\t<\/div>\n\t\t<\/section>\n\t\t\t\t\t\t<\/div>\n\t\t\t\t\t\t<\/div>\n\t\t\t\t\t<\/div>\n\t\t","protected":false},"excerpt":{"rendered":"<p>Przed nami kolejna edycja Kazimierskiego Festiwalu Organowego \u2013 najstarszego wydarzenia muzycznego w regionie, z ponad 50-letni\u0105 histori\u0105. W zabytkowym wn\u0119trzu fary w Kazimierzu Dolnym rozbrzmiewa\u0107 b\u0119d\u0105 koncerty wybitnych organist\u00f3w z Polski oraz Europy \u2013 w tym z Czech, Austrii czy Hiszpanii. Opr\u00f3cz solowych recitali organowych, us\u0142yszymy r\u00f3wnie\u017c wyj\u0105tkowe wykonania z udzia\u0142em zaproszonych zespo\u0142\u00f3w i artyst\u00f3w [&hellip;]<\/p>\n","protected":false},"author":2,"featured_media":8258,"comment_status":"open","ping_status":"open","sticky":false,"template":"","format":"standard","meta":{"_themeisle_gutenberg_block_has_review":false,"footnotes":""},"categories":[1],"tags":[],"class_list":["post-8244","post","type-post","status-publish","format-standard","has-post-thumbnail","hentry","category-bez-kategorii","clearfix"],"_links":{"self":[{"href":"https:\/\/www.anthill.com.pl\/index.php?rest_route=\/wp\/v2\/posts\/8244","targetHints":{"allow":["GET"]}}],"collection":[{"href":"https:\/\/www.anthill.com.pl\/index.php?rest_route=\/wp\/v2\/posts"}],"about":[{"href":"https:\/\/www.anthill.com.pl\/index.php?rest_route=\/wp\/v2\/types\/post"}],"author":[{"embeddable":true,"href":"https:\/\/www.anthill.com.pl\/index.php?rest_route=\/wp\/v2\/users\/2"}],"replies":[{"embeddable":true,"href":"https:\/\/www.anthill.com.pl\/index.php?rest_route=%2Fwp%2Fv2%2Fcomments&post=8244"}],"version-history":[{"count":4,"href":"https:\/\/www.anthill.com.pl\/index.php?rest_route=\/wp\/v2\/posts\/8244\/revisions"}],"predecessor-version":[{"id":8257,"href":"https:\/\/www.anthill.com.pl\/index.php?rest_route=\/wp\/v2\/posts\/8244\/revisions\/8257"}],"wp:featuredmedia":[{"embeddable":true,"href":"https:\/\/www.anthill.com.pl\/index.php?rest_route=\/wp\/v2\/media\/8258"}],"wp:attachment":[{"href":"https:\/\/www.anthill.com.pl\/index.php?rest_route=%2Fwp%2Fv2%2Fmedia&parent=8244"}],"wp:term":[{"taxonomy":"category","embeddable":true,"href":"https:\/\/www.anthill.com.pl\/index.php?rest_route=%2Fwp%2Fv2%2Fcategories&post=8244"},{"taxonomy":"post_tag","embeddable":true,"href":"https:\/\/www.anthill.com.pl\/index.php?rest_route=%2Fwp%2Fv2%2Ftags&post=8244"}],"curies":[{"name":"wp","href":"https:\/\/api.w.org\/{rel}","templated":true}]}}