{"id":8262,"date":"2025-08-06T18:44:37","date_gmt":"2025-08-06T16:44:37","guid":{"rendered":"https:\/\/www.anthill.com.pl\/?p=8262"},"modified":"2025-08-06T18:56:00","modified_gmt":"2025-08-06T16:56:00","slug":"muzyczna-podroz-przez-pokolenia-3","status":"publish","type":"post","link":"https:\/\/www.anthill.com.pl\/?p=8262","title":{"rendered":"Muzyczna Podr\u00f3\u017c przez Pokolenia"},"content":{"rendered":"\t\t<div data-elementor-type=\"wp-post\" data-elementor-id=\"8262\" class=\"elementor elementor-8262\" data-elementor-settings=\"[]\">\n\t\t\t\t\t\t<div class=\"elementor-inner\">\n\t\t\t\t\t\t\t<div class=\"elementor-section-wrap\">\n\t\t\t\t\t\t\t<section class=\"elementor-section elementor-top-section elementor-element elementor-element-7beeca0 elementor-section-boxed elementor-section-height-default elementor-section-height-default\" data-id=\"7beeca0\" data-element_type=\"section\">\n\t\t\t\t\t\t<div class=\"elementor-container elementor-column-gap-default\">\n\t\t\t\t\t\t\t<div class=\"elementor-row\">\n\t\t\t\t\t<div class=\"elementor-column elementor-col-50 elementor-top-column elementor-element elementor-element-c36ed1d\" data-id=\"c36ed1d\" data-element_type=\"column\">\n\t\t\t<div class=\"elementor-column-wrap elementor-element-populated\">\n\t\t\t\t\t\t\t<div class=\"elementor-widget-wrap\">\n\t\t\t\t\t\t<div class=\"elementor-element elementor-element-a1ed784 elementor-invisible elementor-widget elementor-widget-text-editor\" data-id=\"a1ed784\" data-element_type=\"widget\" data-settings=\"{&quot;_animation&quot;:&quot;fadeInDown&quot;}\" data-widget_type=\"text-editor.default\">\n\t\t\t\t<div class=\"elementor-widget-container\">\n\t\t\t\t\t\t\t\t<div class=\"elementor-text-editor elementor-clearfix\">\n\t\t\t\t<p>Muzyczna Podr\u00f3\u017c Przez Pokolenia \u2013 koncerty z Wie\u017cy Trynitarskiej ju\u017c od lipca! Lato w Lublinie zn\u00f3w zabrzmi d\u017awi\u0119kiem instrument\u00f3w d\u0119tych! Stowarzyszenie Anthill po raz pi\u0105ty zaprasza na wyj\u0105tkowy cykl koncert\u00f3w \u201eMuzyczna Podr\u00f3\u017c Przez Pokolenia\u201d, odbywaj\u0105cy si\u0119 na tarasie Wie\u017cy Trynitarskiej. Koncerty realizowane s\u0105 w niedziele wakacji od 6 lipca do 24 sierpnia, punktualnie o godzinie 15:00. Tr\u0119bacze zagraj\u0105 na \u017cywo, kieruj\u0105c muzyk\u0119 w r\u00f3\u017cne strony \u015bwiata. Wydarzenie realizowane jest dzi\u0119ki wsparciu Miasta Lublin.<\/p><p>Od pi\u0119ciu lat has\u0142o pozostaje niezmienne: \u201eO 15:00 sp\u00f3jrz na Wie\u017c\u0119 Trynitarsk\u0105.\u201d<\/p><p>W ka\u017cdy z wybranych dni muzyka zabrzmi ponad dachami Starego Miasta, dost\u0119pna dla ka\u017cdego mieszka\u0144ca i turysty spaceruj\u0105cego po centrum Lublina. W programie znajd\u0105 si\u0119 wyst\u0119py znakomitych muzyk\u00f3w mi\u0119dzy innymi: Tymoteusz Szpilarewicz, Artur Jargi\u0142o, Bart\u0142omiej \u0141upi\u0144ski, Marcin Suszek. Nie potrzeba biletu, wystarczy spojrze\u0107 w g\u00f3r\u0119 i ws\u0142ucha\u0107 si\u0119 w d\u017awi\u0119ki rozchodz\u0105ce si\u0119 z wie\u017cy.<\/p><p>Zapraszamy na muzyczne spotkania ponad podzia\u0142ami pokole\u0144 w sercu Lublina, pod niebem lata.<\/p>\t\t\t\t\t<\/div>\n\t\t\t\t\t\t<\/div>\n\t\t\t\t<\/div>\n\t\t\t\t\t\t<\/div>\n\t\t\t\t\t<\/div>\n\t\t<\/div>\n\t\t\t\t<div class=\"elementor-column elementor-col-50 elementor-top-column elementor-element elementor-element-c45aeef\" data-id=\"c45aeef\" data-element_type=\"column\">\n\t\t\t<div class=\"elementor-column-wrap elementor-element-populated\">\n\t\t\t\t\t\t\t<div class=\"elementor-widget-wrap\">\n\t\t\t\t\t\t<div class=\"elementor-element elementor-element-1ed97bd elementor-invisible elementor-widget elementor-widget-image\" data-id=\"1ed97bd\" data-element_type=\"widget\" data-settings=\"{&quot;_animation&quot;:&quot;fadeInDown&quot;}\" data-widget_type=\"image.default\">\n\t\t\t\t<div class=\"elementor-widget-container\">\n\t\t\t\t\t\t\t\t<div class=\"elementor-image\">\n\t\t\t\t\t\t\t\t\t\t\t\t<img loading=\"lazy\" decoding=\"async\" width=\"1090\" height=\"1536\" src=\"https:\/\/www.anthill.com.pl\/wp-content\/uploads\/2025\/08\/plakat-_rgb-1090x1536.jpg\" class=\"attachment-1536x1536 size-1536x1536\" alt=\"\" srcset=\"https:\/\/www.anthill.com.pl\/wp-content\/uploads\/2025\/08\/plakat-_rgb-1090x1536.jpg 1090w, https:\/\/www.anthill.com.pl\/wp-content\/uploads\/2025\/08\/plakat-_rgb-213x300.jpg 213w, https:\/\/www.anthill.com.pl\/wp-content\/uploads\/2025\/08\/plakat-_rgb-284x400.jpg 284w, https:\/\/www.anthill.com.pl\/wp-content\/uploads\/2025\/08\/plakat-_rgb-768x1082.jpg 768w, https:\/\/www.anthill.com.pl\/wp-content\/uploads\/2025\/08\/plakat-_rgb-1454x2048.jpg 1454w\" sizes=\"auto, (max-width: 1090px) 100vw, 1090px\" \/>\t\t\t\t\t\t\t\t\t\t\t\t\t\t<\/div>\n\t\t\t\t\t\t<\/div>\n\t\t\t\t<\/div>\n\t\t\t\t\t\t<\/div>\n\t\t\t\t\t<\/div>\n\t\t<\/div>\n\t\t\t\t\t\t\t\t<\/div>\n\t\t\t\t\t<\/div>\n\t\t<\/section>\n\t\t\t\t<section class=\"elementor-section elementor-top-section elementor-element elementor-element-72bf706 elementor-section-boxed elementor-section-height-default elementor-section-height-default\" data-id=\"72bf706\" data-element_type=\"section\">\n\t\t\t\t\t\t<div class=\"elementor-container elementor-column-gap-default\">\n\t\t\t\t\t\t\t<div class=\"elementor-row\">\n\t\t\t\t\t<div class=\"elementor-column elementor-col-100 elementor-top-column elementor-element elementor-element-0b06bf1\" data-id=\"0b06bf1\" data-element_type=\"column\">\n\t\t\t<div class=\"elementor-column-wrap elementor-element-populated\">\n\t\t\t\t\t\t\t<div class=\"elementor-widget-wrap\">\n\t\t\t\t\t\t<div class=\"elementor-element elementor-element-e7e7ed4 elementor-invisible elementor-widget elementor-widget-image\" data-id=\"e7e7ed4\" data-element_type=\"widget\" data-settings=\"{&quot;_animation&quot;:&quot;fadeInDown&quot;}\" data-widget_type=\"image.default\">\n\t\t\t\t<div class=\"elementor-widget-container\">\n\t\t\t\t\t\t\t\t<div class=\"elementor-image\">\n\t\t\t\t\t\t\t\t\t\t\t\t<img loading=\"lazy\" decoding=\"async\" width=\"938\" height=\"241\" src=\"https:\/\/www.anthill.com.pl\/wp-content\/uploads\/2025\/08\/LOGO-Lublin-miasto-inspiracji-938x241.jpg\" class=\"attachment-large size-large\" alt=\"\" srcset=\"https:\/\/www.anthill.com.pl\/wp-content\/uploads\/2025\/08\/LOGO-Lublin-miasto-inspiracji-938x241.jpg 938w, https:\/\/www.anthill.com.pl\/wp-content\/uploads\/2025\/08\/LOGO-Lublin-miasto-inspiracji-1169x300.jpg 1169w, https:\/\/www.anthill.com.pl\/wp-content\/uploads\/2025\/08\/LOGO-Lublin-miasto-inspiracji-768x197.jpg 768w, https:\/\/www.anthill.com.pl\/wp-content\/uploads\/2025\/08\/LOGO-Lublin-miasto-inspiracji-1536x394.jpg 1536w, https:\/\/www.anthill.com.pl\/wp-content\/uploads\/2025\/08\/LOGO-Lublin-miasto-inspiracji-2048x526.jpg 2048w\" sizes=\"auto, (max-width: 938px) 100vw, 938px\" \/>\t\t\t\t\t\t\t\t\t\t\t\t\t\t<\/div>\n\t\t\t\t\t\t<\/div>\n\t\t\t\t<\/div>\n\t\t\t\t\t\t<\/div>\n\t\t\t\t\t<\/div>\n\t\t<\/div>\n\t\t\t\t\t\t\t\t<\/div>\n\t\t\t\t\t<\/div>\n\t\t<\/section>\n\t\t\t\t\t\t<\/div>\n\t\t\t\t\t\t<\/div>\n\t\t\t\t\t<\/div>\n\t\t","protected":false},"excerpt":{"rendered":"<p>Muzyczna Podr\u00f3\u017c Przez Pokolenia \u2013 koncerty z Wie\u017cy Trynitarskiej ju\u017c od lipca! Lato w Lublinie zn\u00f3w zabrzmi d\u017awi\u0119kiem instrument\u00f3w d\u0119tych! Stowarzyszenie Anthill po raz pi\u0105ty zaprasza na wyj\u0105tkowy cykl koncert\u00f3w \u201eMuzyczna Podr\u00f3\u017c Przez Pokolenia\u201d, odbywaj\u0105cy si\u0119 na tarasie Wie\u017cy Trynitarskiej. Koncerty realizowane s\u0105 w niedziele wakacji od 6 lipca do 24 sierpnia, punktualnie o godzinie [&hellip;]<\/p>\n","protected":false},"author":2,"featured_media":8265,"comment_status":"open","ping_status":"open","sticky":false,"template":"","format":"standard","meta":{"_themeisle_gutenberg_block_has_review":false,"footnotes":""},"categories":[1],"tags":[],"class_list":["post-8262","post","type-post","status-publish","format-standard","has-post-thumbnail","hentry","category-bez-kategorii","clearfix"],"_links":{"self":[{"href":"https:\/\/www.anthill.com.pl\/index.php?rest_route=\/wp\/v2\/posts\/8262","targetHints":{"allow":["GET"]}}],"collection":[{"href":"https:\/\/www.anthill.com.pl\/index.php?rest_route=\/wp\/v2\/posts"}],"about":[{"href":"https:\/\/www.anthill.com.pl\/index.php?rest_route=\/wp\/v2\/types\/post"}],"author":[{"embeddable":true,"href":"https:\/\/www.anthill.com.pl\/index.php?rest_route=\/wp\/v2\/users\/2"}],"replies":[{"embeddable":true,"href":"https:\/\/www.anthill.com.pl\/index.php?rest_route=%2Fwp%2Fv2%2Fcomments&post=8262"}],"version-history":[{"count":4,"href":"https:\/\/www.anthill.com.pl\/index.php?rest_route=\/wp\/v2\/posts\/8262\/revisions"}],"predecessor-version":[{"id":8270,"href":"https:\/\/www.anthill.com.pl\/index.php?rest_route=\/wp\/v2\/posts\/8262\/revisions\/8270"}],"wp:featuredmedia":[{"embeddable":true,"href":"https:\/\/www.anthill.com.pl\/index.php?rest_route=\/wp\/v2\/media\/8265"}],"wp:attachment":[{"href":"https:\/\/www.anthill.com.pl\/index.php?rest_route=%2Fwp%2Fv2%2Fmedia&parent=8262"}],"wp:term":[{"taxonomy":"category","embeddable":true,"href":"https:\/\/www.anthill.com.pl\/index.php?rest_route=%2Fwp%2Fv2%2Fcategories&post=8262"},{"taxonomy":"post_tag","embeddable":true,"href":"https:\/\/www.anthill.com.pl\/index.php?rest_route=%2Fwp%2Fv2%2Ftags&post=8262"}],"curies":[{"name":"wp","href":"https:\/\/api.w.org\/{rel}","templated":true}]}}