{"id":894,"date":"2021-09-16T11:26:56","date_gmt":"2021-09-16T09:26:56","guid":{"rendered":"https:\/\/www.anthill.com.pl\/?p=894"},"modified":"2024-05-19T21:01:20","modified_gmt":"2024-05-19T19:01:20","slug":"teraz-przyszedl-czas","status":"publish","type":"post","link":"https:\/\/www.anthill.com.pl\/?p=894","title":{"rendered":"Teraz Przyszed\u0142 Czas&#8230;"},"content":{"rendered":"\t\t<div data-elementor-type=\"wp-post\" data-elementor-id=\"894\" class=\"elementor elementor-894\" data-elementor-settings=\"[]\">\n\t\t\t\t\t\t<div class=\"elementor-inner\">\n\t\t\t\t\t\t\t<div class=\"elementor-section-wrap\">\n\t\t\t\t\t\t\t<section class=\"elementor-section elementor-top-section elementor-element elementor-element-ac36c1c elementor-section-boxed elementor-section-height-default elementor-section-height-default\" data-id=\"ac36c1c\" data-element_type=\"section\">\n\t\t\t\t\t\t<div class=\"elementor-container elementor-column-gap-default\">\n\t\t\t\t\t\t\t<div class=\"elementor-row\">\n\t\t\t\t\t<div class=\"elementor-column elementor-col-100 elementor-top-column elementor-element elementor-element-4f36a96f\" data-id=\"4f36a96f\" data-element_type=\"column\">\n\t\t\t<div class=\"elementor-column-wrap elementor-element-populated\">\n\t\t\t\t\t\t\t<div class=\"elementor-widget-wrap\">\n\t\t\t\t\t\t<div class=\"elementor-element elementor-element-4ab22fd2 elementor-widget elementor-widget-text-editor\" data-id=\"4ab22fd2\" data-element_type=\"widget\" data-widget_type=\"text-editor.default\">\n\t\t\t\t<div class=\"elementor-widget-container\">\n\t\t\t\t\t\t\t\t<div class=\"elementor-text-editor elementor-clearfix\">\n\t\t\t\t<!-- wp:paragraph -->\n<h3><!-- \/wp:paragraph --><!-- wp:paragraph --><\/h3>\n<h3>Stowarzyszenie Anthill we wsp\u00f3\u0142pracy z Biurem Programu Niepodleg\u0142a oraz Archidiecezj\u0105 Lubelsk\u0105 zrealizowa\u0142o projekt upami\u0119tniaj\u0105cy b\u0142ogos\u0142awionego biskupa W\u0142adys\u0142awa Gorala o nazwie \u201eTeraz przyszed\u0142 czas\u2026 B\u0142ogos\u0142awiony biskup W\u0142adys\u0142aw Goral, cichy m\u0119czennik Ko\u015bcio\u0142a i Ojczyzny\u201d .<\/h3>\n<!-- \/wp:paragraph --><!-- wp:paragraph -->\n<p>Chcemy zachowa\u0107 pami\u0119\u0107 o B\u0142ogos\u0142awionym, kt\u00f3ry pochodzi z Lubelszczyzny, a kt\u00f3rego dzia\u0142alno\u015b\u0107 duszpasterska rozsiewa\u0142a si\u0119 po ca\u0142ym Lublinie. Uznajemy za bardzo wa\u017cne, by jego wspomnienie by\u0142o zachowane dla przysz\u0142ych pokole\u0144. Jest to niepoliczalna warto\u015b\u0107, kt\u00f3r\u0105 \u2013 jako lublinianie \u2013 mamy obowi\u0105zek podtrzyma\u0107.<\/p>\n<p><img loading=\"lazy\" decoding=\"async\" class=\"alignnone size-medium wp-image-3053\" src=\"https:\/\/www.anthill.com.pl\/wp-content\/uploads\/2021\/12\/9_700x900-kopia-385x300.jpg\" alt=\"\" width=\"385\" height=\"300\" srcset=\"https:\/\/www.anthill.com.pl\/wp-content\/uploads\/2021\/12\/9_700x900-kopia-385x300.jpg 385w, https:\/\/www.anthill.com.pl\/wp-content\/uploads\/2021\/12\/9_700x900-kopia-513x400.jpg 513w, https:\/\/www.anthill.com.pl\/wp-content\/uploads\/2021\/12\/9_700x900-kopia-768x598.jpg 768w, https:\/\/www.anthill.com.pl\/wp-content\/uploads\/2021\/12\/9_700x900-kopia-1536x1197.jpg 1536w, https:\/\/www.anthill.com.pl\/wp-content\/uploads\/2021\/12\/9_700x900-kopia-2048x1596.jpg 2048w, https:\/\/www.anthill.com.pl\/wp-content\/uploads\/2021\/12\/9_700x900-kopia-scaled.jpg 1600w\" sizes=\"auto, (max-width: 385px) 100vw, 385px\" \/><img loading=\"lazy\" decoding=\"async\" class=\"alignnone size-medium wp-image-3130\" src=\"https:\/\/www.anthill.com.pl\/wp-content\/uploads\/2021\/09\/gazetka_wypelniona-kopia-213x300.jpg\" alt=\"\" width=\"213\" height=\"300\" srcset=\"https:\/\/www.anthill.com.pl\/wp-content\/uploads\/2021\/09\/gazetka_wypelniona-kopia-213x300.jpg 213w, https:\/\/www.anthill.com.pl\/wp-content\/uploads\/2021\/09\/gazetka_wypelniona-kopia-284x400.jpg 284w, https:\/\/www.anthill.com.pl\/wp-content\/uploads\/2021\/09\/gazetka_wypelniona-kopia-768x1080.jpg 768w, https:\/\/www.anthill.com.pl\/wp-content\/uploads\/2021\/09\/gazetka_wypelniona-kopia-1092x1536.jpg 1092w, https:\/\/www.anthill.com.pl\/wp-content\/uploads\/2021\/09\/gazetka_wypelniona-kopia-1457x2048.jpg 1457w, https:\/\/www.anthill.com.pl\/wp-content\/uploads\/2021\/09\/gazetka_wypelniona-kopia-scaled.jpg 1138w\" sizes=\"auto, (max-width: 213px) 100vw, 213px\" \/><img loading=\"lazy\" decoding=\"async\" class=\"alignnone size-medium wp-image-3129\" src=\"https:\/\/www.anthill.com.pl\/wp-content\/uploads\/2021\/09\/7a-216x300.png\" alt=\"\" width=\"216\" height=\"300\" srcset=\"https:\/\/www.anthill.com.pl\/wp-content\/uploads\/2021\/09\/7a-216x300.png 216w, https:\/\/www.anthill.com.pl\/wp-content\/uploads\/2021\/09\/7a-288x400.png 288w, https:\/\/www.anthill.com.pl\/wp-content\/uploads\/2021\/09\/7a-768x1066.png 768w, https:\/\/www.anthill.com.pl\/wp-content\/uploads\/2021\/09\/7a-1107x1536.png 1107w, https:\/\/www.anthill.com.pl\/wp-content\/uploads\/2021\/09\/7a.png 1153w\" sizes=\"auto, (max-width: 216px) 100vw, 216px\" \/><\/p>\n<!-- \/wp:paragraph --><!-- wp:paragraph -->\n<p>W ramach tego wydarzenia dnia 20 wrze\u015bnia 2021 roku, o godzinie 17.00 celebrowana by\u0142a uroczysta Msza \u015awi\u0119ta w Archikatedrze Lubelskiej. Nast\u0119pnie zorganizowali\u015bmy na Wie\u017cy Trynitarskiej wernisa\u017c wystawy oraz pokaz multimedialny o B\u0142ogos\u0142awionym &#8211; wszystko to przy akompaniamencie muzycznym. \u00a0Wystaw\u0119 mo\u017cna by\u0142o ogl\u0105da\u0107 pod Wie\u017c\u0105 przez ca\u0142y tydzie\u0144, nast\u0119pnie prezentowana by\u0142a w parafiach diecezji lubelskiej, co da\u0142o mo\u017cliwo\u015b\u0107 poznania B\u0142ogos\u0142awionego wiernym z ca\u0142ej Lubelszczyzny.\u00a0<\/p>\n<!-- \/wp:paragraph --><!-- wp:paragraph -->\n<p>Opr\u00f3cz tego wydana zosta\u0142a publikacja dotycz\u0105ca biskupa Gorala, za\u015b wsp\u00f3lnie z harcerzami ZHR przygotowali\u015bmy gr\u0119 miejsk\u0105 dla dzieci, kt\u00f3rej tematyka by\u0142a zwi\u0105zana z B\u0142ogos\u0142awionym.<\/p>\n<!-- \/wp:paragraph --><!-- wp:paragraph -->\n<p>Wszystkim uczestnikom serdecznie dzi\u0119kujemy!<\/p>\n<!-- \/wp:paragraph --><!-- wp:paragraph -->\n<p><img loading=\"lazy\" decoding=\"async\" class=\"wp-image-3133 aligncenter\" src=\"https:\/\/www.anthill.com.pl\/wp-content\/uploads\/2021\/09\/1plak_a3RGB-213x300.jpg\" alt=\"\" width=\"495\" height=\"697\" srcset=\"https:\/\/www.anthill.com.pl\/wp-content\/uploads\/2021\/09\/1plak_a3RGB-213x300.jpg 213w, https:\/\/www.anthill.com.pl\/wp-content\/uploads\/2021\/09\/1plak_a3RGB-285x400.jpg 285w, https:\/\/www.anthill.com.pl\/wp-content\/uploads\/2021\/09\/1plak_a3RGB-768x1080.jpg 768w, https:\/\/www.anthill.com.pl\/wp-content\/uploads\/2021\/09\/1plak_a3RGB-1093x1536.jpg 1093w, https:\/\/www.anthill.com.pl\/wp-content\/uploads\/2021\/09\/1plak_a3RGB-1457x2048.jpg 1457w, https:\/\/www.anthill.com.pl\/wp-content\/uploads\/2021\/09\/1plak_a3RGB-scaled.jpg 1138w\" sizes=\"auto, (max-width: 495px) 100vw, 495px\" \/><\/p>\n<p>\u00a0<\/p>\n<hr \/>\n<p>Dofinansowano ze \u015brodk\u00f3w Programu Wieloletniego NIEPODLEG\u0141A na lata 2017-2022 w ramach Programu Dotacyjnego \u201eNiepodleg\u0142a\u201d.<\/p>\n<p><!-- \/wp:paragraph --><!-- wp:paragraph --><\/p>\n<p>Organizator: Stowarzyszenie Anthill.<\/p>\n<p><!-- \/wp:paragraph --><!-- wp:paragraph --><\/p>\n<p>Partnerzy: BPN Niepodleg\u0142a, Archidiecezja Lubelska, Ruch \u015awiat\u0142o-\u017bycie, Parafia pw. b\u0142. biskupa W\u0142adys\u0142awa Gorala w Lublinie.<\/p>\n<p><!-- \/wp:paragraph --><!-- wp:paragraph --><\/p>\n<p>Patroni medialni: TVP3 Lublin, Polskie Radio Lublin.<\/p>\n<p><!-- \/wp:paragraph --><!-- wp:image {\"align\":\"center\",\"id\":897,\"sizeSlug\":\"large\"} --><\/p>\n<div class=\"wp-block-image\">\u00a0<\/div>\n<p><!-- \/wp:image --><\/p>\t\t\t\t\t<\/div>\n\t\t\t\t\t\t<\/div>\n\t\t\t\t<\/div>\n\t\t\t\t\t\t<\/div>\n\t\t\t\t\t<\/div>\n\t\t<\/div>\n\t\t\t\t\t\t\t\t<\/div>\n\t\t\t\t\t<\/div>\n\t\t<\/section>\n\t\t\t\t\t\t<\/div>\n\t\t\t\t\t\t<\/div>\n\t\t\t\t\t<\/div>\n\t\t","protected":false},"excerpt":{"rendered":"<p>Stowarzyszenie Anthill we wsp\u00f3\u0142pracy z Biurem Programu Niepodleg\u0142a oraz Archidiecezj\u0105 Lubelsk\u0105 zrealizowa\u0142o projekt upami\u0119tniaj\u0105cy b\u0142ogos\u0142awionego biskupa W\u0142adys\u0142awa Gorala o nazwie \u201eTeraz przyszed\u0142 czas\u2026 B\u0142ogos\u0142awiony biskup W\u0142adys\u0142aw Goral, cichy m\u0119czennik Ko\u015bcio\u0142a i Ojczyzny\u201d . Chcemy zachowa\u0107 pami\u0119\u0107 o B\u0142ogos\u0142awionym, kt\u00f3ry pochodzi z Lubelszczyzny, a kt\u00f3rego dzia\u0142alno\u015b\u0107 duszpasterska rozsiewa\u0142a si\u0119 po ca\u0142ym Lublinie. Uznajemy za bardzo wa\u017cne, [&hellip;]<\/p>\n","protected":false},"author":2,"featured_media":3107,"comment_status":"open","ping_status":"open","sticky":false,"template":"","format":"standard","meta":{"_themeisle_gutenberg_block_has_review":false,"footnotes":""},"categories":[7],"tags":[],"class_list":["post-894","post","type-post","status-publish","format-standard","has-post-thumbnail","hentry","category-aktualnosci","clearfix"],"_links":{"self":[{"href":"https:\/\/www.anthill.com.pl\/index.php?rest_route=\/wp\/v2\/posts\/894","targetHints":{"allow":["GET"]}}],"collection":[{"href":"https:\/\/www.anthill.com.pl\/index.php?rest_route=\/wp\/v2\/posts"}],"about":[{"href":"https:\/\/www.anthill.com.pl\/index.php?rest_route=\/wp\/v2\/types\/post"}],"author":[{"embeddable":true,"href":"https:\/\/www.anthill.com.pl\/index.php?rest_route=\/wp\/v2\/users\/2"}],"replies":[{"embeddable":true,"href":"https:\/\/www.anthill.com.pl\/index.php?rest_route=%2Fwp%2Fv2%2Fcomments&post=894"}],"version-history":[{"count":8,"href":"https:\/\/www.anthill.com.pl\/index.php?rest_route=\/wp\/v2\/posts\/894\/revisions"}],"predecessor-version":[{"id":6912,"href":"https:\/\/www.anthill.com.pl\/index.php?rest_route=\/wp\/v2\/posts\/894\/revisions\/6912"}],"wp:featuredmedia":[{"embeddable":true,"href":"https:\/\/www.anthill.com.pl\/index.php?rest_route=\/wp\/v2\/media\/3107"}],"wp:attachment":[{"href":"https:\/\/www.anthill.com.pl\/index.php?rest_route=%2Fwp%2Fv2%2Fmedia&parent=894"}],"wp:term":[{"taxonomy":"category","embeddable":true,"href":"https:\/\/www.anthill.com.pl\/index.php?rest_route=%2Fwp%2Fv2%2Fcategories&post=894"},{"taxonomy":"post_tag","embeddable":true,"href":"https:\/\/www.anthill.com.pl\/index.php?rest_route=%2Fwp%2Fv2%2Ftags&post=894"}],"curies":[{"name":"wp","href":"https:\/\/api.w.org\/{rel}","templated":true}]}}